{"id":10142,"date":"2020-10-16T09:01:13","date_gmt":"2020-10-16T07:01:13","guid":{"rendered":"https:\/\/www.bodegasgranbazan.com\/?p=10142"},"modified":"2020-10-16T09:01:13","modified_gmt":"2020-10-16T07:01:13","slug":"results-of-the-2020-harvest-at-bodegas-granbazan","status":"publish","type":"post","link":"https:\/\/www.bodegasgranbazan.com\/en\/results-of-the-2020-harvest-at-bodegas-granbazan\/","title":{"rendered":"Results of the 2020 harvest at Bodegas GRANBAZ\u00c1N"},"content":{"rendered":"<p>After the grape harvest at Bodegas GRANBAZ\u00c1N, we want to inform you of the result and state of the vineyard.<\/p>\n<p>10 days in advance of the previous campaign, on September 4, the 2020 harvest began at Bodegas Granbaz\u00e1n.<\/p>\n<p>The last days of August, hot and dry, helped to keep the proliferation of fungal diseases at bay, which, due to the abundant rains in the middle of the month, had the perfect conditions to develop.<\/p>\n<p>A rainy winter and a month of March with low temperatures was the scene of the early and heterogeneous budding of this season.<\/p>\n<p>The development of the vines continued slowly unaffected by the threat of frost in early April.<\/p>\n<p>The inclement Galician weather fortunately ceased during the flowering period to give us a warm two-week window towards the end of May.<\/p>\n<p>However, the return of abundant rainfall and the increase in temperatures favored a strong attack by the mildew fungus, affecting both foliage and small clusters.<\/p>\n<p>The hot and dry days of the summer just past, highlight the extreme conditions imposed by the Atlantic climate in the valley, with maximum averages of 27.2 \u00baC in the month of July, remaining until the second week of August.<\/p>\n<p>The last weeks before harvest, after the rains in August, were dry and hot, very similar to those of 2019, with the presence of strong north winds, dehydrating the berries and concentrating both sugar and acidity.<\/p>\n<p>The harvest began, with an average potential alcohol of 12.7\u00ba and total tartaric acidity between 8 and 9 g \/ l. higher than those of the 2019 vintage.<\/p>\n<p>Fortunately, the rain-laden clouds passed through the Saln\u00e9s valley just after the grape harvest.<\/p>\n<p>The young wines and musts that are still fermenting already show their characteristic tension and freshness and great expression on the nose.<\/p>\n<p style=\"text-align: center;\"><iframe id=\"ytplayer\" src=\"https:\/\/www.youtube.com\/embed?rel=0&amp;playlist=v4ej-ZkkNUE&amp;loop=1&amp;ampcontrols=3&amp;origin=bodegasgranbazan.com&amp;modestbranding=1&amp;showinfo=0\" width=\"640\" height=\"360\" frameborder=\"0\"><span style=\"display: inline-block; width: 0px; overflow: hidden; line-height: 0;\" data-mce-type=\"bookmark\" class=\"mce_SELRES_start\"><\/span><span style=\"display: inline-block; width: 0px; overflow: hidden; line-height: 0;\" data-mce-type=\"bookmark\" class=\"mce_SELRES_start\"><\/span><span style=\"display: inline-block; width: 0px; overflow: hidden; line-height: 0;\" data-mce-type=\"bookmark\" class=\"mce_SELRES_start\"><\/span><span style=\"display: inline-block; width: 0px; overflow: hidden; line-height: 0;\" data-mce-type=\"bookmark\" class=\"mce_SELRES_start\"><\/span><span style=\"display: inline-block; width: 0px; overflow: hidden; line-height: 0;\" data-mce-type=\"bookmark\" class=\"mce_SELRES_start\"><\/span><br \/>\n<\/iframe><\/p>\n<p>If after knowing the result of our 2020 vintage, you want to continue knowing the history and properties of our Albari\u00f1os GRANBAZ\u00c1N wines with D.O. R\u00edas Baixas, we encourage you to discover its tasting notes:<\/p>\n<p>\u2022 <a href=\"https:\/\/www.bodegasgranbazan.com\/en\/web26\/en\/albarino-contrapunto\/\" rel=\"noopener noreferrer\" target=\"_blank\">Granbaz\u00e1n Contrapunto<\/a><br \/>\n\u2022 <a href=\"https:\/\/www.bodegasgranbazan.com\/en\/web26\/en\/granbazan-etiqueta-verde\/\" rel=\"noopener noreferrer\" target=\"_blank\">Granbaz\u00e1n Etiqueta Verde<\/a><br \/>\n\u2022 <a href=\"https:\/\/www.bodegasgranbazan.com\/en\/web26\/en\/granbazan-amber-label\/\" rel=\"noopener noreferrer\" target=\"_blank\">Granbaz\u00e1n Etiqueta \u00c1mbar<\/a><br \/>\n\u2022 <a href=\"https:\/\/www.bodegasgranbazan.com\/en\/web26\/en\/granbazan-limousin\/\" rel=\"noopener noreferrer\" target=\"_blank\">Granbaz\u00e1n Limousin<\/a><br \/>\n\u2022 <a href=\"https:\/\/www.bodegasgranbazan.com\/en\/web26\/en\/granbazan-d-alvaro-de-bazan\/\" rel=\"noopener noreferrer\" target=\"_blank\">Granbaz\u00e1n Don \u00c1lvaro de Baz\u00e1n<\/a><\/p>","protected":false},"excerpt":{"rendered":"<p>After the grape harvest at Bodegas GRANBAZ\u00c1N, we want to inform you of the result and state of the vineyard. 10 days in advance of the previous campaign, on September 4, the 2020 harvest began at Bodegas Granbaz\u00e1n. The last days of August, hot and dry, helped to keep the proliferation of fungal diseases at [&hellip;]<\/p>\n","protected":false},"author":2,"featured_media":10148,"comment_status":"open","ping_status":"open","sticky":false,"template":"","format":"standard","meta":{"_acf_changed":false,"footnotes":""},"categories":[100],"tags":[108,109,129,130,113,131],"class_list":["post-10142","post","type-post","status-publish","format-standard","has-post-thumbnail","hentry","category-news","tag-albarino-en","tag-bodegas-granbazan","tag-harvest","tag-rias-baixas-en","tag-wine","tag-winery"],"acf":[],"yoast_head":"<!-- This site is optimized with the Yoast SEO plugin v27.4 - https:\/\/yoast.com\/product\/yoast-seo-wordpress\/ -->\n<title>Results of the 2020 harvest at Bodegas GRANBAZ\u00c1N<\/title>\n<meta name=\"description\" content=\"After the grape harvest at Bodegas GRANBAZ\u00c1N, we want to inform you of the result and state of the vineyard.\" \/>\n<meta name=\"robots\" content=\"index, follow, max-snippet:-1, max-image-preview:large, max-video-preview:-1\" \/>\n<link rel=\"canonical\" href=\"https:\/\/www.bodegasgranbazan.com\/en\/results-of-the-2020-harvest-at-bodegas-granbazan\/\" \/>\n<meta property=\"og:locale\" content=\"en_GB\" \/>\n<meta property=\"og:type\" content=\"article\" \/>\n<meta property=\"og:title\" content=\"Results of the 2020 harvest at Bodegas GRANBAZ\u00c1N\" \/>\n<meta property=\"og:description\" content=\"After the grape harvest at Bodegas GRANBAZ\u00c1N, we want to inform you of the result and state of the vineyard.\" \/>\n<meta property=\"og:url\" content=\"https:\/\/www.bodegasgranbazan.com\/en\/results-of-the-2020-harvest-at-bodegas-granbazan\/\" \/>\n<meta property=\"og:site_name\" content=\"Granbaz\u00e1n - Bodegas GRANBAZ\u00c1N\" \/>\n<meta property=\"article:published_time\" content=\"2020-10-16T07:01:13+00:00\" \/>\n<meta property=\"og:image\" content=\"https:\/\/www.bodegasgranbazan.com\/web26\/wp-content\/uploads\/2020\/10\/harvest_2020_bodegas_granbazan_min-1.jpg\" \/>\n\t<meta property=\"og:image:width\" content=\"1080\" \/>\n\t<meta property=\"og:image:height\" content=\"1080\" \/>\n\t<meta property=\"og:image:type\" content=\"image\/jpeg\" \/>\n<meta name=\"author\" content=\"mdecomunicacion\" \/>\n<meta name=\"twitter:card\" content=\"summary_large_image\" \/>\n<meta name=\"twitter:label1\" content=\"Written by\" \/>\n\t<meta name=\"twitter:data1\" content=\"mdecomunicacion\" \/>\n\t<meta name=\"twitter:label2\" content=\"Estimated reading time\" \/>\n\t<meta name=\"twitter:data2\" content=\"2 minutes\" \/>\n<script type=\"application\/ld+json\" class=\"yoast-schema-graph\">{\"@context\":\"https:\\\/\\\/schema.org\",\"@graph\":[{\"@type\":\"Article\",\"@id\":\"https:\\\/\\\/www.bodegasgranbazan.com\\\/results-of-the-2020-harvest-at-bodegas-granbazan\\\/#article\",\"isPartOf\":{\"@id\":\"https:\\\/\\\/www.bodegasgranbazan.com\\\/results-of-the-2020-harvest-at-bodegas-granbazan\\\/\"},\"author\":{\"name\":\"mdecomunicacion\",\"@id\":\"https:\\\/\\\/www.bodegasgranbazan.com\\\/#\\\/schema\\\/person\\\/97933cc939af6c2ab105f04fa04baf82\"},\"headline\":\"Results of the 2020 harvest at Bodegas GRANBAZ\u00c1N\",\"datePublished\":\"2020-10-16T07:01:13+00:00\",\"mainEntityOfPage\":{\"@id\":\"https:\\\/\\\/www.bodegasgranbazan.com\\\/results-of-the-2020-harvest-at-bodegas-granbazan\\\/\"},\"wordCount\":360,\"commentCount\":0,\"publisher\":{\"@id\":\"https:\\\/\\\/www.bodegasgranbazan.com\\\/#organization\"},\"image\":{\"@id\":\"https:\\\/\\\/www.bodegasgranbazan.com\\\/results-of-the-2020-harvest-at-bodegas-granbazan\\\/#primaryimage\"},\"thumbnailUrl\":\"https:\\\/\\\/www.bodegasgranbazan.com\\\/web26\\\/wp-content\\\/uploads\\\/2020\\\/10\\\/harvest_2020_bodegas_granbazan_min-1.jpg\",\"keywords\":[\"albari\u00f1o\",\"Bodegas Granbaz\u00e1n\",\"harvest\",\"R\u00edas Baixas\",\"wine\",\"winery\"],\"articleSection\":[\"News\"],\"inLanguage\":\"en-GB\",\"potentialAction\":[{\"@type\":\"CommentAction\",\"name\":\"Comment\",\"target\":[\"https:\\\/\\\/www.bodegasgranbazan.com\\\/results-of-the-2020-harvest-at-bodegas-granbazan\\\/#respond\"]}]},{\"@type\":\"WebPage\",\"@id\":\"https:\\\/\\\/www.bodegasgranbazan.com\\\/results-of-the-2020-harvest-at-bodegas-granbazan\\\/\",\"url\":\"https:\\\/\\\/www.bodegasgranbazan.com\\\/results-of-the-2020-harvest-at-bodegas-granbazan\\\/\",\"name\":\"Results of the 2020 harvest at Bodegas GRANBAZ\u00c1N\",\"isPartOf\":{\"@id\":\"https:\\\/\\\/www.bodegasgranbazan.com\\\/#website\"},\"primaryImageOfPage\":{\"@id\":\"https:\\\/\\\/www.bodegasgranbazan.com\\\/results-of-the-2020-harvest-at-bodegas-granbazan\\\/#primaryimage\"},\"image\":{\"@id\":\"https:\\\/\\\/www.bodegasgranbazan.com\\\/results-of-the-2020-harvest-at-bodegas-granbazan\\\/#primaryimage\"},\"thumbnailUrl\":\"https:\\\/\\\/www.bodegasgranbazan.com\\\/web26\\\/wp-content\\\/uploads\\\/2020\\\/10\\\/harvest_2020_bodegas_granbazan_min-1.jpg\",\"datePublished\":\"2020-10-16T07:01:13+00:00\",\"description\":\"After the grape harvest at Bodegas GRANBAZ\u00c1N, we want to inform you of the result and state of the vineyard.\",\"breadcrumb\":{\"@id\":\"https:\\\/\\\/www.bodegasgranbazan.com\\\/results-of-the-2020-harvest-at-bodegas-granbazan\\\/#breadcrumb\"},\"inLanguage\":\"en-GB\",\"potentialAction\":[{\"@type\":\"ReadAction\",\"target\":[\"https:\\\/\\\/www.bodegasgranbazan.com\\\/results-of-the-2020-harvest-at-bodegas-granbazan\\\/\"]}]},{\"@type\":\"ImageObject\",\"inLanguage\":\"en-GB\",\"@id\":\"https:\\\/\\\/www.bodegasgranbazan.com\\\/results-of-the-2020-harvest-at-bodegas-granbazan\\\/#primaryimage\",\"url\":\"https:\\\/\\\/www.bodegasgranbazan.com\\\/web26\\\/wp-content\\\/uploads\\\/2020\\\/10\\\/harvest_2020_bodegas_granbazan_min-1.jpg\",\"contentUrl\":\"https:\\\/\\\/www.bodegasgranbazan.com\\\/web26\\\/wp-content\\\/uploads\\\/2020\\\/10\\\/harvest_2020_bodegas_granbazan_min-1.jpg\",\"width\":1080,\"height\":1080,\"caption\":\"2020harvest at Bodegas Granbaz\u00e1n\"},{\"@type\":\"BreadcrumbList\",\"@id\":\"https:\\\/\\\/www.bodegasgranbazan.com\\\/results-of-the-2020-harvest-at-bodegas-granbazan\\\/#breadcrumb\",\"itemListElement\":[{\"@type\":\"ListItem\",\"position\":1,\"name\":\"Portada\",\"item\":\"https:\\\/\\\/www.bodegasgranbazan.com\\\/\"},{\"@type\":\"ListItem\",\"position\":2,\"name\":\"Results of the 2020 harvest at Bodegas GRANBAZ\u00c1N\"}]},{\"@type\":\"WebSite\",\"@id\":\"https:\\\/\\\/www.bodegasgranbazan.com\\\/#website\",\"url\":\"https:\\\/\\\/www.bodegasgranbazan.com\\\/\",\"name\":\"Bodegas Granbaz\u00e1n\",\"description\":\"Ubicada en el Valle del Saln\u00e9s, en el coraz\u00f3n de las R\u00edas Baixas.\",\"publisher\":{\"@id\":\"https:\\\/\\\/www.bodegasgranbazan.com\\\/#organization\"},\"potentialAction\":[{\"@type\":\"SearchAction\",\"target\":{\"@type\":\"EntryPoint\",\"urlTemplate\":\"https:\\\/\\\/www.bodegasgranbazan.com\\\/?s={search_term_string}\"},\"query-input\":{\"@type\":\"PropertyValueSpecification\",\"valueRequired\":true,\"valueName\":\"search_term_string\"}}],\"inLanguage\":\"en-GB\"},{\"@type\":\"Organization\",\"@id\":\"https:\\\/\\\/www.bodegasgranbazan.com\\\/#organization\",\"name\":\"Bodegas Granbaz\u00e1n\",\"url\":\"https:\\\/\\\/www.bodegasgranbazan.com\\\/\",\"logo\":{\"@type\":\"ImageObject\",\"inLanguage\":\"en-GB\",\"@id\":\"https:\\\/\\\/www.bodegasgranbazan.com\\\/#\\\/schema\\\/logo\\\/image\\\/\",\"url\":\"https:\\\/\\\/www.bodegasgranbazan.com\\\/web26\\\/wp-content\\\/uploads\\\/2026\\\/01\\\/granbazan-logo-def.webp\",\"contentUrl\":\"https:\\\/\\\/www.bodegasgranbazan.com\\\/web26\\\/wp-content\\\/uploads\\\/2026\\\/01\\\/granbazan-logo-def.webp\",\"width\":500,\"height\":264,\"caption\":\"Bodegas Granbaz\u00e1n\"},\"image\":{\"@id\":\"https:\\\/\\\/www.bodegasgranbazan.com\\\/#\\\/schema\\\/logo\\\/image\\\/\"}},{\"@type\":\"Person\",\"@id\":\"https:\\\/\\\/www.bodegasgranbazan.com\\\/#\\\/schema\\\/person\\\/97933cc939af6c2ab105f04fa04baf82\",\"name\":\"mdecomunicacion\",\"image\":{\"@type\":\"ImageObject\",\"inLanguage\":\"en-GB\",\"@id\":\"https:\\\/\\\/secure.gravatar.com\\\/avatar\\\/66949bf9de56bfbec1700a5ea49e164097d3fe494d34a17f01cb80ec9566a0ea?s=96&d=mm&r=g\",\"url\":\"https:\\\/\\\/secure.gravatar.com\\\/avatar\\\/66949bf9de56bfbec1700a5ea49e164097d3fe494d34a17f01cb80ec9566a0ea?s=96&d=mm&r=g\",\"contentUrl\":\"https:\\\/\\\/secure.gravatar.com\\\/avatar\\\/66949bf9de56bfbec1700a5ea49e164097d3fe494d34a17f01cb80ec9566a0ea?s=96&d=mm&r=g\",\"caption\":\"mdecomunicacion\"},\"url\":\"https:\\\/\\\/www.bodegasgranbazan.com\\\/en\\\/author\\\/4abb42feb80256ea\\\/\"}]}<\/script>\n<!-- \/ Yoast SEO plugin. -->","yoast_head_json":{"title":"Results of the 2020 harvest at Bodegas GRANBAZ\u00c1N","description":"After the grape harvest at Bodegas GRANBAZ\u00c1N, we want to inform you of the result and state of the vineyard.","robots":{"index":"index","follow":"follow","max-snippet":"max-snippet:-1","max-image-preview":"max-image-preview:large","max-video-preview":"max-video-preview:-1"},"canonical":"https:\/\/www.bodegasgranbazan.com\/en\/results-of-the-2020-harvest-at-bodegas-granbazan\/","og_locale":"en_GB","og_type":"article","og_title":"Results of the 2020 harvest at Bodegas GRANBAZ\u00c1N","og_description":"After the grape harvest at Bodegas GRANBAZ\u00c1N, we want to inform you of the result and state of the vineyard.","og_url":"https:\/\/www.bodegasgranbazan.com\/en\/results-of-the-2020-harvest-at-bodegas-granbazan\/","og_site_name":"Granbaz\u00e1n - Bodegas GRANBAZ\u00c1N","article_published_time":"2020-10-16T07:01:13+00:00","og_image":[{"width":1080,"height":1080,"url":"https:\/\/www.bodegasgranbazan.com\/web26\/wp-content\/uploads\/2020\/10\/harvest_2020_bodegas_granbazan_min-1.jpg","type":"image\/jpeg"}],"author":"mdecomunicacion","twitter_card":"summary_large_image","twitter_misc":{"Written by":"mdecomunicacion","Estimated reading time":"2 minutes"},"schema":{"@context":"https:\/\/schema.org","@graph":[{"@type":"Article","@id":"https:\/\/www.bodegasgranbazan.com\/results-of-the-2020-harvest-at-bodegas-granbazan\/#article","isPartOf":{"@id":"https:\/\/www.bodegasgranbazan.com\/results-of-the-2020-harvest-at-bodegas-granbazan\/"},"author":{"name":"mdecomunicacion","@id":"https:\/\/www.bodegasgranbazan.com\/#\/schema\/person\/97933cc939af6c2ab105f04fa04baf82"},"headline":"Results of the 2020 harvest at Bodegas GRANBAZ\u00c1N","datePublished":"2020-10-16T07:01:13+00:00","mainEntityOfPage":{"@id":"https:\/\/www.bodegasgranbazan.com\/results-of-the-2020-harvest-at-bodegas-granbazan\/"},"wordCount":360,"commentCount":0,"publisher":{"@id":"https:\/\/www.bodegasgranbazan.com\/#organization"},"image":{"@id":"https:\/\/www.bodegasgranbazan.com\/results-of-the-2020-harvest-at-bodegas-granbazan\/#primaryimage"},"thumbnailUrl":"https:\/\/www.bodegasgranbazan.com\/web26\/wp-content\/uploads\/2020\/10\/harvest_2020_bodegas_granbazan_min-1.jpg","keywords":["albari\u00f1o","Bodegas Granbaz\u00e1n","harvest","R\u00edas Baixas","wine","winery"],"articleSection":["News"],"inLanguage":"en-GB","potentialAction":[{"@type":"CommentAction","name":"Comment","target":["https:\/\/www.bodegasgranbazan.com\/results-of-the-2020-harvest-at-bodegas-granbazan\/#respond"]}]},{"@type":"WebPage","@id":"https:\/\/www.bodegasgranbazan.com\/results-of-the-2020-harvest-at-bodegas-granbazan\/","url":"https:\/\/www.bodegasgranbazan.com\/results-of-the-2020-harvest-at-bodegas-granbazan\/","name":"Results of the 2020 harvest at Bodegas GRANBAZ\u00c1N","isPartOf":{"@id":"https:\/\/www.bodegasgranbazan.com\/#website"},"primaryImageOfPage":{"@id":"https:\/\/www.bodegasgranbazan.com\/results-of-the-2020-harvest-at-bodegas-granbazan\/#primaryimage"},"image":{"@id":"https:\/\/www.bodegasgranbazan.com\/results-of-the-2020-harvest-at-bodegas-granbazan\/#primaryimage"},"thumbnailUrl":"https:\/\/www.bodegasgranbazan.com\/web26\/wp-content\/uploads\/2020\/10\/harvest_2020_bodegas_granbazan_min-1.jpg","datePublished":"2020-10-16T07:01:13+00:00","description":"After the grape harvest at Bodegas GRANBAZ\u00c1N, we want to inform you of the result and state of the vineyard.","breadcrumb":{"@id":"https:\/\/www.bodegasgranbazan.com\/results-of-the-2020-harvest-at-bodegas-granbazan\/#breadcrumb"},"inLanguage":"en-GB","potentialAction":[{"@type":"ReadAction","target":["https:\/\/www.bodegasgranbazan.com\/results-of-the-2020-harvest-at-bodegas-granbazan\/"]}]},{"@type":"ImageObject","inLanguage":"en-GB","@id":"https:\/\/www.bodegasgranbazan.com\/results-of-the-2020-harvest-at-bodegas-granbazan\/#primaryimage","url":"https:\/\/www.bodegasgranbazan.com\/web26\/wp-content\/uploads\/2020\/10\/harvest_2020_bodegas_granbazan_min-1.jpg","contentUrl":"https:\/\/www.bodegasgranbazan.com\/web26\/wp-content\/uploads\/2020\/10\/harvest_2020_bodegas_granbazan_min-1.jpg","width":1080,"height":1080,"caption":"2020harvest at Bodegas Granbaz\u00e1n"},{"@type":"BreadcrumbList","@id":"https:\/\/www.bodegasgranbazan.com\/results-of-the-2020-harvest-at-bodegas-granbazan\/#breadcrumb","itemListElement":[{"@type":"ListItem","position":1,"name":"Portada","item":"https:\/\/www.bodegasgranbazan.com\/"},{"@type":"ListItem","position":2,"name":"Results of the 2020 harvest at Bodegas GRANBAZ\u00c1N"}]},{"@type":"WebSite","@id":"https:\/\/www.bodegasgranbazan.com\/#website","url":"https:\/\/www.bodegasgranbazan.com\/","name":"Granbaz\u00e1n Winery","description":"Located in the Saln\u00e9s Valley, in the heart of the R\u00edas Baixas.","publisher":{"@id":"https:\/\/www.bodegasgranbazan.com\/#organization"},"potentialAction":[{"@type":"SearchAction","target":{"@type":"EntryPoint","urlTemplate":"https:\/\/www.bodegasgranbazan.com\/?s={search_term_string}"},"query-input":{"@type":"PropertyValueSpecification","valueRequired":true,"valueName":"search_term_string"}}],"inLanguage":"en-GB"},{"@type":"Organization","@id":"https:\/\/www.bodegasgranbazan.com\/#organization","name":"Granbaz\u00e1n Winery","url":"https:\/\/www.bodegasgranbazan.com\/","logo":{"@type":"ImageObject","inLanguage":"en-GB","@id":"https:\/\/www.bodegasgranbazan.com\/#\/schema\/logo\/image\/","url":"https:\/\/www.bodegasgranbazan.com\/web26\/wp-content\/uploads\/2026\/01\/granbazan-logo-def.webp","contentUrl":"https:\/\/www.bodegasgranbazan.com\/web26\/wp-content\/uploads\/2026\/01\/granbazan-logo-def.webp","width":500,"height":264,"caption":"Bodegas Granbaz\u00e1n"},"image":{"@id":"https:\/\/www.bodegasgranbazan.com\/#\/schema\/logo\/image\/"}},{"@type":"Person","@id":"https:\/\/www.bodegasgranbazan.com\/#\/schema\/person\/97933cc939af6c2ab105f04fa04baf82","name":"mdecomunicacion","image":{"@type":"ImageObject","inLanguage":"en-GB","@id":"https:\/\/secure.gravatar.com\/avatar\/66949bf9de56bfbec1700a5ea49e164097d3fe494d34a17f01cb80ec9566a0ea?s=96&d=mm&r=g","url":"https:\/\/secure.gravatar.com\/avatar\/66949bf9de56bfbec1700a5ea49e164097d3fe494d34a17f01cb80ec9566a0ea?s=96&d=mm&r=g","contentUrl":"https:\/\/secure.gravatar.com\/avatar\/66949bf9de56bfbec1700a5ea49e164097d3fe494d34a17f01cb80ec9566a0ea?s=96&d=mm&r=g","caption":"mdecomunicacion"},"url":"https:\/\/www.bodegasgranbazan.com\/en\/author\/4abb42feb80256ea\/"}]}},"_links":{"self":[{"href":"https:\/\/www.bodegasgranbazan.com\/en\/wp-json\/wp\/v2\/posts\/10142","targetHints":{"allow":["GET"]}}],"collection":[{"href":"https:\/\/www.bodegasgranbazan.com\/en\/wp-json\/wp\/v2\/posts"}],"about":[{"href":"https:\/\/www.bodegasgranbazan.com\/en\/wp-json\/wp\/v2\/types\/post"}],"author":[{"embeddable":true,"href":"https:\/\/www.bodegasgranbazan.com\/en\/wp-json\/wp\/v2\/users\/2"}],"replies":[{"embeddable":true,"href":"https:\/\/www.bodegasgranbazan.com\/en\/wp-json\/wp\/v2\/comments?post=10142"}],"version-history":[{"count":0,"href":"https:\/\/www.bodegasgranbazan.com\/en\/wp-json\/wp\/v2\/posts\/10142\/revisions"}],"wp:featuredmedia":[{"embeddable":true,"href":"https:\/\/www.bodegasgranbazan.com\/en\/wp-json\/wp\/v2\/media\/10148"}],"wp:attachment":[{"href":"https:\/\/www.bodegasgranbazan.com\/en\/wp-json\/wp\/v2\/media?parent=10142"}],"wp:term":[{"taxonomy":"category","embeddable":true,"href":"https:\/\/www.bodegasgranbazan.com\/en\/wp-json\/wp\/v2\/categories?post=10142"},{"taxonomy":"post_tag","embeddable":true,"href":"https:\/\/www.bodegasgranbazan.com\/en\/wp-json\/wp\/v2\/tags?post=10142"}],"curies":[{"name":"wp","href":"https:\/\/api.w.org\/{rel}","templated":true}]}}