{"id":12459,"date":"2022-07-13T12:22:15","date_gmt":"2022-07-13T10:22:15","guid":{"rendered":"https:\/\/www.bodegasgranbazan.com\/?p=12459"},"modified":"2022-07-13T12:22:15","modified_gmt":"2022-07-13T10:22:15","slug":"xxxiv-cata-de-vinos-de-galicia","status":"publish","type":"post","link":"https:\/\/www.bodegasgranbazan.com\/en\/xxxiv-cata-de-vinos-de-galicia\/","title":{"rendered":"Don \u00c1lvaro de Baz\u00e1n conquista un Acio de Oro"},"content":{"rendered":"<p>Hace apenas unos d\u00edas, el pasado 7 de julio, se entregaban los premios de la <a href=\"https:\/\/www.campogalego.es\/estos-son-los-vinos-y-aguardientes-premiados-en-las-catas-de-galicia-2022\/\">XXXIV Cata de vinos de Galicia<\/a>, evento que la Xunta organiza junto a las denominaciones de origen e indicaciones geogr\u00e1ficas protegidas para reconocer la calidad de los vinos gallegos en diferentes categor\u00edas.<\/p>\n<p>La gala de entrega de reconocimientos, celebrada en el Pazo de Qui\u00e1n, en Boqueix\u00f3n (A Coru\u00f1a), cont\u00f3 con el protagonismo de Granbaz\u00e1n, al recibir la bodega dos importantes galardones.<\/p>\n<p>As\u00ed, el vino <a href=\"https:\/\/www.bodegasgranbazan.com\/en\/web26\/product\/granbazan-alvaro-de-bazan\/\">Don \u00c1lvaro de Baz\u00e1n<\/a> consigui\u00f3 alzarse con el Acio de Oro en la secci\u00f3n de Vinos de Cosechas anteriores, obteniendo de esta manera el m\u00e1ximo reconocimiento en su categor\u00eda.<\/p>\n<p>Mientras, el vino <a href=\"https:\/\/www.bodegasgranbazan.com\/en\/web26\/product\/granbazan-limousin\/\">Limousin<\/a> fue distinguido con el Acio de Plata en la categor\u00eda de Vinos de Elaboraciones con madera. Un importante galard\u00f3n que se une a una notable lista de distinciones.<\/p>\n<p>El titular del Gobierno gallego, Alfonso Rueda, presidi\u00f3 la entrega de los premios. En el acto estuvo acompa\u00f1ado por el conselleiro del Medio Rural, Jos\u00e9 Gonz\u00e1lez, y la directora de la Agencia Turismo de Galicia, Nava Castro.<\/p>\n<p>&nbsp;<\/p>\n<p><strong>Don \u00c1lvaro de Bazan<\/strong><\/p>\n<p>Este vino, monovarietal de Albari\u00f1o, est\u00e1 elaborado a partir de las uvas procedentes de cepas viejas de la parte m\u00e1s alta de la finca de Tremoedo. Suelos muy pobres donde se ha hecho deshojado, poda en verde y donde la incidencia del sol en los racimos es muy alta. El tama\u00f1o de la baya es sensiblemente m\u00e1s peque\u00f1a que la media. Maceraci\u00f3n en fr\u00edo, fermentaci\u00f3n a muy baja temperatura seguido de un descanso de al menos dos a\u00f1os sobre l\u00edas, aportando al vino una dimensi\u00f3n extra de aromas y redondez en boca. Granbaz\u00e1n elabora unas 6.600 botellas e Don \u00c1lvaro.<\/p>\n<p><strong>Limousin<\/strong><\/p>\n<p>El proyecto de este vino comenz\u00f3 a finales de los a\u00f1os 80, cuando se empezaron a hacer los primeros experimentos con barricas de roble franc\u00e9s. Durante las \u00faltimas cosechas, la t\u00e9cnica se ha ido depurando hasta lograr un vino con un perfecto equilibrio entre madera y fruta. Se trata de una producci\u00f3n de 10.267 botellas elaboradas 100% con Albari\u00f1o. Tras la fermentaci\u00f3n en acero inoxidable el vino realiza una crianza de unos seis meses en roble franc\u00e9s.<\/p>\n<p>&nbsp;<\/p>\n<p><img fetchpriority=\"high\" decoding=\"async\" class=\"aligncenter size-full wp-image-12464\" src=\"https:\/\/www.bodegasgranbazan.com\/web26\/wp-content\/uploads\/2022\/07\/1.jpeg\" alt=\" XXXIV Cata de vinos de Galicia\" width=\"1620\" height=\"1080\" srcset=\"https:\/\/www.bodegasgranbazan.com\/web26\/wp-content\/uploads\/2022\/07\/1.jpeg 1620w, https:\/\/www.bodegasgranbazan.com\/web26\/wp-content\/uploads\/2022\/07\/1-300x200.jpeg 300w, https:\/\/www.bodegasgranbazan.com\/web26\/wp-content\/uploads\/2022\/07\/1-1024x683.jpeg 1024w, https:\/\/www.bodegasgranbazan.com\/web26\/wp-content\/uploads\/2022\/07\/1-768x512.jpeg 768w, https:\/\/www.bodegasgranbazan.com\/web26\/wp-content\/uploads\/2022\/07\/1-1536x1024.jpeg 1536w, https:\/\/www.bodegasgranbazan.com\/web26\/wp-content\/uploads\/2022\/07\/1-600x400.jpeg 600w\" sizes=\"(max-width: 1620px) 100vw, 1620px\" \/><\/p>\n<p>&nbsp;<\/p>\n<p>&nbsp;<\/p>\n<p><img decoding=\"async\" class=\"aligncenter size-full wp-image-12462\" src=\"https:\/\/www.bodegasgranbazan.com\/web26\/wp-content\/uploads\/2022\/07\/whatsapp-image-2022-07-07-at-4.28.21-pm.jpeg\" alt=\"XXXIV Cata de vinos de Galicia\" width=\"1620\" height=\"1080\" srcset=\"https:\/\/www.bodegasgranbazan.com\/web26\/wp-content\/uploads\/2022\/07\/whatsapp-image-2022-07-07-at-4.28.21-pm.jpeg 1620w, https:\/\/www.bodegasgranbazan.com\/web26\/wp-content\/uploads\/2022\/07\/whatsapp-image-2022-07-07-at-4.28.21-pm-300x200.jpeg 300w, https:\/\/www.bodegasgranbazan.com\/web26\/wp-content\/uploads\/2022\/07\/whatsapp-image-2022-07-07-at-4.28.21-pm-1024x683.jpeg 1024w, https:\/\/www.bodegasgranbazan.com\/web26\/wp-content\/uploads\/2022\/07\/whatsapp-image-2022-07-07-at-4.28.21-pm-768x512.jpeg 768w, https:\/\/www.bodegasgranbazan.com\/web26\/wp-content\/uploads\/2022\/07\/whatsapp-image-2022-07-07-at-4.28.21-pm-1536x1024.jpeg 1536w, https:\/\/www.bodegasgranbazan.com\/web26\/wp-content\/uploads\/2022\/07\/whatsapp-image-2022-07-07-at-4.28.21-pm-600x400.jpeg 600w\" sizes=\"(max-width: 1620px) 100vw, 1620px\" \/><\/p>\n<p>&nbsp;<\/p>","protected":false},"excerpt":{"rendered":"<p>Hace apenas unos d\u00edas, el pasado 7 de julio, se entregaban los premios de la XXXIV Cata de vinos de Galicia, evento que la Xunta organiza junto a las denominaciones de origen e indicaciones geogr\u00e1ficas protegidas para reconocer la calidad de los vinos gallegos en diferentes categor\u00edas. La gala de entrega de reconocimientos, celebrada en [&hellip;]<\/p>\n","protected":false},"author":2,"featured_media":12468,"comment_status":"open","ping_status":"open","sticky":false,"template":"","format":"standard","meta":{"_acf_changed":false,"footnotes":""},"categories":[39],"tags":[],"class_list":["post-12459","post","type-post","status-publish","format-standard","has-post-thumbnail","hentry","category-noticias"],"acf":[],"yoast_head":"<!-- This site is optimized with the Yoast SEO plugin v27.5 - https:\/\/yoast.com\/product\/yoast-seo-wordpress\/ -->\n<title>XXXIV Cata de vinos de Galicia<\/title>\n<meta name=\"description\" content=\"Hace apenas unos d\u00edas, el pasado 7 de julio, se entregaban los premios de la XXXIV Cata de vinos de Galicia, evento que la Xunta organiza junto a las denominaciones de origen...\" \/>\n<meta name=\"robots\" content=\"index, follow, max-snippet:-1, max-image-preview:large, max-video-preview:-1\" \/>\n<link rel=\"canonical\" href=\"https:\/\/www.bodegasgranbazan.com\/en\/xxxiv-cata-de-vinos-de-galicia\/\" \/>\n<meta property=\"og:locale\" content=\"en_GB\" \/>\n<meta property=\"og:type\" content=\"article\" \/>\n<meta property=\"og:title\" content=\"XXXIV Cata de vinos de Galicia\" \/>\n<meta property=\"og:description\" content=\"Hace apenas unos d\u00edas, el pasado 7 de julio, se entregaban los premios de la XXXIV Cata de vinos de Galicia, evento que la Xunta organiza junto a las denominaciones de origen...\" \/>\n<meta property=\"og:url\" content=\"https:\/\/www.bodegasgranbazan.com\/en\/xxxiv-cata-de-vinos-de-galicia\/\" \/>\n<meta property=\"og:site_name\" content=\"Granbaz\u00e1n - Bodegas GRANBAZ\u00c1N\" \/>\n<meta property=\"article:published_time\" content=\"2022-07-13T10:22:15+00:00\" \/>\n<meta property=\"og:image\" content=\"https:\/\/www.bodegasgranbazan.com\/web26\/wp-content\/uploads\/2022\/07\/granbazan-galicia-acio-de-oro.jpg\" \/>\n\t<meta property=\"og:image:width\" content=\"1080\" \/>\n\t<meta property=\"og:image:height\" content=\"1080\" \/>\n\t<meta property=\"og:image:type\" content=\"image\/jpeg\" \/>\n<meta name=\"author\" content=\"mdecomunicacion\" \/>\n<meta name=\"twitter:card\" content=\"summary_large_image\" \/>\n<meta name=\"twitter:label1\" content=\"Written by\" \/>\n\t<meta name=\"twitter:data1\" content=\"mdecomunicacion\" \/>\n\t<meta name=\"twitter:label2\" content=\"Estimated reading time\" \/>\n\t<meta name=\"twitter:data2\" content=\"2 minutes\" \/>\n<script type=\"application\/ld+json\" class=\"yoast-schema-graph\">{\"@context\":\"https:\\\/\\\/schema.org\",\"@graph\":[{\"@type\":\"Article\",\"@id\":\"https:\\\/\\\/www.bodegasgranbazan.com\\\/xxxiv-cata-de-vinos-de-galicia\\\/#article\",\"isPartOf\":{\"@id\":\"https:\\\/\\\/www.bodegasgranbazan.com\\\/xxxiv-cata-de-vinos-de-galicia\\\/\"},\"author\":{\"name\":\"mdecomunicacion\",\"@id\":\"https:\\\/\\\/www.bodegasgranbazan.com\\\/#\\\/schema\\\/person\\\/97933cc939af6c2ab105f04fa04baf82\"},\"headline\":\"Don \u00c1lvaro de Baz\u00e1n conquista un Acio de Oro\",\"datePublished\":\"2022-07-13T10:22:15+00:00\",\"mainEntityOfPage\":{\"@id\":\"https:\\\/\\\/www.bodegasgranbazan.com\\\/xxxiv-cata-de-vinos-de-galicia\\\/\"},\"wordCount\":403,\"commentCount\":0,\"publisher\":{\"@id\":\"https:\\\/\\\/www.bodegasgranbazan.com\\\/#organization\"},\"image\":{\"@id\":\"https:\\\/\\\/www.bodegasgranbazan.com\\\/xxxiv-cata-de-vinos-de-galicia\\\/#primaryimage\"},\"thumbnailUrl\":\"https:\\\/\\\/www.bodegasgranbazan.com\\\/web26\\\/wp-content\\\/uploads\\\/2022\\\/07\\\/granbazan-galicia-acio-de-oro.jpg\",\"articleSection\":[\"Noticias\"],\"inLanguage\":\"en-GB\",\"potentialAction\":[{\"@type\":\"CommentAction\",\"name\":\"Comment\",\"target\":[\"https:\\\/\\\/www.bodegasgranbazan.com\\\/xxxiv-cata-de-vinos-de-galicia\\\/#respond\"]}]},{\"@type\":\"WebPage\",\"@id\":\"https:\\\/\\\/www.bodegasgranbazan.com\\\/xxxiv-cata-de-vinos-de-galicia\\\/\",\"url\":\"https:\\\/\\\/www.bodegasgranbazan.com\\\/xxxiv-cata-de-vinos-de-galicia\\\/\",\"name\":\"XXXIV Cata de vinos de Galicia\",\"isPartOf\":{\"@id\":\"https:\\\/\\\/www.bodegasgranbazan.com\\\/#website\"},\"primaryImageOfPage\":{\"@id\":\"https:\\\/\\\/www.bodegasgranbazan.com\\\/xxxiv-cata-de-vinos-de-galicia\\\/#primaryimage\"},\"image\":{\"@id\":\"https:\\\/\\\/www.bodegasgranbazan.com\\\/xxxiv-cata-de-vinos-de-galicia\\\/#primaryimage\"},\"thumbnailUrl\":\"https:\\\/\\\/www.bodegasgranbazan.com\\\/web26\\\/wp-content\\\/uploads\\\/2022\\\/07\\\/granbazan-galicia-acio-de-oro.jpg\",\"datePublished\":\"2022-07-13T10:22:15+00:00\",\"description\":\"Hace apenas unos d\u00edas, el pasado 7 de julio, se entregaban los premios de la XXXIV Cata de vinos de Galicia, evento que la Xunta organiza junto a las denominaciones de origen...\",\"breadcrumb\":{\"@id\":\"https:\\\/\\\/www.bodegasgranbazan.com\\\/xxxiv-cata-de-vinos-de-galicia\\\/#breadcrumb\"},\"inLanguage\":\"en-GB\",\"potentialAction\":[{\"@type\":\"ReadAction\",\"target\":[\"https:\\\/\\\/www.bodegasgranbazan.com\\\/xxxiv-cata-de-vinos-de-galicia\\\/\"]}]},{\"@type\":\"ImageObject\",\"inLanguage\":\"en-GB\",\"@id\":\"https:\\\/\\\/www.bodegasgranbazan.com\\\/xxxiv-cata-de-vinos-de-galicia\\\/#primaryimage\",\"url\":\"https:\\\/\\\/www.bodegasgranbazan.com\\\/web26\\\/wp-content\\\/uploads\\\/2022\\\/07\\\/granbazan-galicia-acio-de-oro.jpg\",\"contentUrl\":\"https:\\\/\\\/www.bodegasgranbazan.com\\\/web26\\\/wp-content\\\/uploads\\\/2022\\\/07\\\/granbazan-galicia-acio-de-oro.jpg\",\"width\":1080,\"height\":1080},{\"@type\":\"BreadcrumbList\",\"@id\":\"https:\\\/\\\/www.bodegasgranbazan.com\\\/xxxiv-cata-de-vinos-de-galicia\\\/#breadcrumb\",\"itemListElement\":[{\"@type\":\"ListItem\",\"position\":1,\"name\":\"Portada\",\"item\":\"https:\\\/\\\/www.bodegasgranbazan.com\\\/\"},{\"@type\":\"ListItem\",\"position\":2,\"name\":\"Don \u00c1lvaro de Baz\u00e1n conquista un Acio de Oro\"}]},{\"@type\":\"WebSite\",\"@id\":\"https:\\\/\\\/www.bodegasgranbazan.com\\\/#website\",\"url\":\"https:\\\/\\\/www.bodegasgranbazan.com\\\/\",\"name\":\"Bodegas Granbaz\u00e1n\",\"description\":\"Ubicada en el Valle del Saln\u00e9s, en el coraz\u00f3n de las R\u00edas Baixas.\",\"publisher\":{\"@id\":\"https:\\\/\\\/www.bodegasgranbazan.com\\\/#organization\"},\"potentialAction\":[{\"@type\":\"SearchAction\",\"target\":{\"@type\":\"EntryPoint\",\"urlTemplate\":\"https:\\\/\\\/www.bodegasgranbazan.com\\\/?s={search_term_string}\"},\"query-input\":{\"@type\":\"PropertyValueSpecification\",\"valueRequired\":true,\"valueName\":\"search_term_string\"}}],\"inLanguage\":\"en-GB\"},{\"@type\":\"Organization\",\"@id\":\"https:\\\/\\\/www.bodegasgranbazan.com\\\/#organization\",\"name\":\"Bodegas Granbaz\u00e1n\",\"url\":\"https:\\\/\\\/www.bodegasgranbazan.com\\\/\",\"logo\":{\"@type\":\"ImageObject\",\"inLanguage\":\"en-GB\",\"@id\":\"https:\\\/\\\/www.bodegasgranbazan.com\\\/#\\\/schema\\\/logo\\\/image\\\/\",\"url\":\"https:\\\/\\\/www.bodegasgranbazan.com\\\/web26\\\/wp-content\\\/uploads\\\/2026\\\/01\\\/granbazan-logo-def.webp\",\"contentUrl\":\"https:\\\/\\\/www.bodegasgranbazan.com\\\/web26\\\/wp-content\\\/uploads\\\/2026\\\/01\\\/granbazan-logo-def.webp\",\"width\":500,\"height\":264,\"caption\":\"Bodegas Granbaz\u00e1n\"},\"image\":{\"@id\":\"https:\\\/\\\/www.bodegasgranbazan.com\\\/#\\\/schema\\\/logo\\\/image\\\/\"}},{\"@type\":\"Person\",\"@id\":\"https:\\\/\\\/www.bodegasgranbazan.com\\\/#\\\/schema\\\/person\\\/97933cc939af6c2ab105f04fa04baf82\",\"name\":\"mdecomunicacion\",\"image\":{\"@type\":\"ImageObject\",\"inLanguage\":\"en-GB\",\"@id\":\"https:\\\/\\\/secure.gravatar.com\\\/avatar\\\/66949bf9de56bfbec1700a5ea49e164097d3fe494d34a17f01cb80ec9566a0ea?s=96&d=mm&r=g\",\"url\":\"https:\\\/\\\/secure.gravatar.com\\\/avatar\\\/66949bf9de56bfbec1700a5ea49e164097d3fe494d34a17f01cb80ec9566a0ea?s=96&d=mm&r=g\",\"contentUrl\":\"https:\\\/\\\/secure.gravatar.com\\\/avatar\\\/66949bf9de56bfbec1700a5ea49e164097d3fe494d34a17f01cb80ec9566a0ea?s=96&d=mm&r=g\",\"caption\":\"mdecomunicacion\"},\"url\":\"https:\\\/\\\/www.bodegasgranbazan.com\\\/en\\\/author\\\/4abb42feb80256ea\\\/\"}]}<\/script>\n<!-- \/ Yoast SEO plugin. -->","yoast_head_json":{"title":"XXXIV Cata de vinos de Galicia","description":"Hace apenas unos d\u00edas, el pasado 7 de julio, se entregaban los premios de la XXXIV Cata de vinos de Galicia, evento que la Xunta organiza junto a las denominaciones de origen...","robots":{"index":"index","follow":"follow","max-snippet":"max-snippet:-1","max-image-preview":"max-image-preview:large","max-video-preview":"max-video-preview:-1"},"canonical":"https:\/\/www.bodegasgranbazan.com\/en\/xxxiv-cata-de-vinos-de-galicia\/","og_locale":"en_GB","og_type":"article","og_title":"XXXIV Cata de vinos de Galicia","og_description":"Hace apenas unos d\u00edas, el pasado 7 de julio, se entregaban los premios de la XXXIV Cata de vinos de Galicia, evento que la Xunta organiza junto a las denominaciones de origen...","og_url":"https:\/\/www.bodegasgranbazan.com\/en\/xxxiv-cata-de-vinos-de-galicia\/","og_site_name":"Granbaz\u00e1n - Bodegas GRANBAZ\u00c1N","article_published_time":"2022-07-13T10:22:15+00:00","og_image":[{"width":1080,"height":1080,"url":"https:\/\/www.bodegasgranbazan.com\/web26\/wp-content\/uploads\/2022\/07\/granbazan-galicia-acio-de-oro.jpg","type":"image\/jpeg"}],"author":"mdecomunicacion","twitter_card":"summary_large_image","twitter_misc":{"Written by":"mdecomunicacion","Estimated reading time":"2 minutes"},"schema":{"@context":"https:\/\/schema.org","@graph":[{"@type":"Article","@id":"https:\/\/www.bodegasgranbazan.com\/xxxiv-cata-de-vinos-de-galicia\/#article","isPartOf":{"@id":"https:\/\/www.bodegasgranbazan.com\/xxxiv-cata-de-vinos-de-galicia\/"},"author":{"name":"mdecomunicacion","@id":"https:\/\/www.bodegasgranbazan.com\/#\/schema\/person\/97933cc939af6c2ab105f04fa04baf82"},"headline":"Don \u00c1lvaro de Baz\u00e1n conquista un Acio de Oro","datePublished":"2022-07-13T10:22:15+00:00","mainEntityOfPage":{"@id":"https:\/\/www.bodegasgranbazan.com\/xxxiv-cata-de-vinos-de-galicia\/"},"wordCount":403,"commentCount":0,"publisher":{"@id":"https:\/\/www.bodegasgranbazan.com\/#organization"},"image":{"@id":"https:\/\/www.bodegasgranbazan.com\/xxxiv-cata-de-vinos-de-galicia\/#primaryimage"},"thumbnailUrl":"https:\/\/www.bodegasgranbazan.com\/web26\/wp-content\/uploads\/2022\/07\/granbazan-galicia-acio-de-oro.jpg","articleSection":["Noticias"],"inLanguage":"en-GB","potentialAction":[{"@type":"CommentAction","name":"Comment","target":["https:\/\/www.bodegasgranbazan.com\/xxxiv-cata-de-vinos-de-galicia\/#respond"]}]},{"@type":"WebPage","@id":"https:\/\/www.bodegasgranbazan.com\/xxxiv-cata-de-vinos-de-galicia\/","url":"https:\/\/www.bodegasgranbazan.com\/xxxiv-cata-de-vinos-de-galicia\/","name":"XXXIV Cata de vinos de Galicia","isPartOf":{"@id":"https:\/\/www.bodegasgranbazan.com\/#website"},"primaryImageOfPage":{"@id":"https:\/\/www.bodegasgranbazan.com\/xxxiv-cata-de-vinos-de-galicia\/#primaryimage"},"image":{"@id":"https:\/\/www.bodegasgranbazan.com\/xxxiv-cata-de-vinos-de-galicia\/#primaryimage"},"thumbnailUrl":"https:\/\/www.bodegasgranbazan.com\/web26\/wp-content\/uploads\/2022\/07\/granbazan-galicia-acio-de-oro.jpg","datePublished":"2022-07-13T10:22:15+00:00","description":"Hace apenas unos d\u00edas, el pasado 7 de julio, se entregaban los premios de la XXXIV Cata de vinos de Galicia, evento que la Xunta organiza junto a las denominaciones de origen...","breadcrumb":{"@id":"https:\/\/www.bodegasgranbazan.com\/xxxiv-cata-de-vinos-de-galicia\/#breadcrumb"},"inLanguage":"en-GB","potentialAction":[{"@type":"ReadAction","target":["https:\/\/www.bodegasgranbazan.com\/xxxiv-cata-de-vinos-de-galicia\/"]}]},{"@type":"ImageObject","inLanguage":"en-GB","@id":"https:\/\/www.bodegasgranbazan.com\/xxxiv-cata-de-vinos-de-galicia\/#primaryimage","url":"https:\/\/www.bodegasgranbazan.com\/web26\/wp-content\/uploads\/2022\/07\/granbazan-galicia-acio-de-oro.jpg","contentUrl":"https:\/\/www.bodegasgranbazan.com\/web26\/wp-content\/uploads\/2022\/07\/granbazan-galicia-acio-de-oro.jpg","width":1080,"height":1080},{"@type":"BreadcrumbList","@id":"https:\/\/www.bodegasgranbazan.com\/xxxiv-cata-de-vinos-de-galicia\/#breadcrumb","itemListElement":[{"@type":"ListItem","position":1,"name":"Portada","item":"https:\/\/www.bodegasgranbazan.com\/"},{"@type":"ListItem","position":2,"name":"Don \u00c1lvaro de Baz\u00e1n conquista un Acio de Oro"}]},{"@type":"WebSite","@id":"https:\/\/www.bodegasgranbazan.com\/#website","url":"https:\/\/www.bodegasgranbazan.com\/","name":"Granbaz\u00e1n Winery","description":"Located in the Saln\u00e9s Valley, in the heart of the R\u00edas Baixas.","publisher":{"@id":"https:\/\/www.bodegasgranbazan.com\/#organization"},"potentialAction":[{"@type":"SearchAction","target":{"@type":"EntryPoint","urlTemplate":"https:\/\/www.bodegasgranbazan.com\/?s={search_term_string}"},"query-input":{"@type":"PropertyValueSpecification","valueRequired":true,"valueName":"search_term_string"}}],"inLanguage":"en-GB"},{"@type":"Organization","@id":"https:\/\/www.bodegasgranbazan.com\/#organization","name":"Granbaz\u00e1n Winery","url":"https:\/\/www.bodegasgranbazan.com\/","logo":{"@type":"ImageObject","inLanguage":"en-GB","@id":"https:\/\/www.bodegasgranbazan.com\/#\/schema\/logo\/image\/","url":"https:\/\/www.bodegasgranbazan.com\/web26\/wp-content\/uploads\/2026\/01\/granbazan-logo-def.webp","contentUrl":"https:\/\/www.bodegasgranbazan.com\/web26\/wp-content\/uploads\/2026\/01\/granbazan-logo-def.webp","width":500,"height":264,"caption":"Bodegas Granbaz\u00e1n"},"image":{"@id":"https:\/\/www.bodegasgranbazan.com\/#\/schema\/logo\/image\/"}},{"@type":"Person","@id":"https:\/\/www.bodegasgranbazan.com\/#\/schema\/person\/97933cc939af6c2ab105f04fa04baf82","name":"mdecomunicacion","image":{"@type":"ImageObject","inLanguage":"en-GB","@id":"https:\/\/secure.gravatar.com\/avatar\/66949bf9de56bfbec1700a5ea49e164097d3fe494d34a17f01cb80ec9566a0ea?s=96&d=mm&r=g","url":"https:\/\/secure.gravatar.com\/avatar\/66949bf9de56bfbec1700a5ea49e164097d3fe494d34a17f01cb80ec9566a0ea?s=96&d=mm&r=g","contentUrl":"https:\/\/secure.gravatar.com\/avatar\/66949bf9de56bfbec1700a5ea49e164097d3fe494d34a17f01cb80ec9566a0ea?s=96&d=mm&r=g","caption":"mdecomunicacion"},"url":"https:\/\/www.bodegasgranbazan.com\/en\/author\/4abb42feb80256ea\/"}]}},"_links":{"self":[{"href":"https:\/\/www.bodegasgranbazan.com\/en\/wp-json\/wp\/v2\/posts\/12459","targetHints":{"allow":["GET"]}}],"collection":[{"href":"https:\/\/www.bodegasgranbazan.com\/en\/wp-json\/wp\/v2\/posts"}],"about":[{"href":"https:\/\/www.bodegasgranbazan.com\/en\/wp-json\/wp\/v2\/types\/post"}],"author":[{"embeddable":true,"href":"https:\/\/www.bodegasgranbazan.com\/en\/wp-json\/wp\/v2\/users\/2"}],"replies":[{"embeddable":true,"href":"https:\/\/www.bodegasgranbazan.com\/en\/wp-json\/wp\/v2\/comments?post=12459"}],"version-history":[{"count":0,"href":"https:\/\/www.bodegasgranbazan.com\/en\/wp-json\/wp\/v2\/posts\/12459\/revisions"}],"wp:featuredmedia":[{"embeddable":true,"href":"https:\/\/www.bodegasgranbazan.com\/en\/wp-json\/wp\/v2\/media\/12468"}],"wp:attachment":[{"href":"https:\/\/www.bodegasgranbazan.com\/en\/wp-json\/wp\/v2\/media?parent=12459"}],"wp:term":[{"taxonomy":"category","embeddable":true,"href":"https:\/\/www.bodegasgranbazan.com\/en\/wp-json\/wp\/v2\/categories?post=12459"},{"taxonomy":"post_tag","embeddable":true,"href":"https:\/\/www.bodegasgranbazan.com\/en\/wp-json\/wp\/v2\/tags?post=12459"}],"curies":[{"name":"wp","href":"https:\/\/api.w.org\/{rel}","templated":true}]}}