{"id":6048,"date":"2017-07-27T13:45:45","date_gmt":"2017-07-27T11:45:45","guid":{"rendered":"https:\/\/www.bodegasgranbazan.com\/?p=6048"},"modified":"2017-07-27T13:45:45","modified_gmt":"2017-07-27T11:45:45","slug":"torneo-de-golf-semana-de-oro-del-albarino-granbazan","status":"publish","type":"post","link":"https:\/\/www.bodegasgranbazan.com\/en\/torneo-de-golf-semana-de-oro-del-albarino-granbazan\/","title":{"rendered":"Torneo de Golf \u00abSemana de oro del albari\u00f1o\u00bb Granbaz\u00e1n"},"content":{"rendered":"<p>El d\u00eda 27 de Julio de 2017, con motivo de la LXV Fiesta del Albari\u00f1o de Cambados \u00a0y aprovechando las celebraciones de la Capital Europea del vino, patrocinamos el torneo de golf \u00abSemana de oro del albari\u00f1o\u00bb en el campo de golf \u00abChan do fento\u00bb de Meis, Pontevedra. Los ganadores del certamen, se llevaron\u00a0trofeos y un exquisito surtido de vinos\u00a0de la bodega Granbaz\u00e1n.<\/p>\n<p>Cerca de un centenar de personas asistieron al evento.\u00a0La entrega de premios tuvo\u00a0\u00a0lugar en el sal\u00f3n de eventos\u00a0Granbaz\u00e1n, perfectamente climatizado y equipado para dar el mejor servicio a los asistentes. El acto se clausur\u00f3 con una degustaci\u00f3n de vinos con maridaje de pinchos dise\u00f1ados expresamente para el evento.<\/p>\n<p>Enhorabuena a los ganadores!<\/p>","protected":false},"excerpt":{"rendered":"<p>El d\u00eda 27 de Julio de 2017, con motivo de la LXV Fiesta del Albari\u00f1o de Cambados \u00a0y aprovechando las celebraciones de la Capital Europea del vino, patrocinamos el torneo de golf \u00abSemana de oro del albari\u00f1o\u00bb en el campo de golf \u00abChan do fento\u00bb de Meis, Pontevedra. Los ganadores del certamen, se llevaron\u00a0trofeos y [&hellip;]<\/p>\n","protected":false},"author":2,"featured_media":5209,"comment_status":"open","ping_status":"open","sticky":false,"template":"","format":"standard","meta":{"_acf_changed":false,"footnotes":""},"categories":[39],"tags":[],"class_list":["post-6048","post","type-post","status-publish","format-standard","has-post-thumbnail","hentry","category-noticias"],"acf":[],"yoast_head":"<!-- This site is optimized with the Yoast SEO plugin v27.5 - https:\/\/yoast.com\/product\/yoast-seo-wordpress\/ -->\n<title>Torneo de Golf &quot;Semana de oro del albari\u00f1o&quot; Granbaz\u00e1n - Granbaz\u00e1n - Bodegas GRANBAZ\u00c1N<\/title>\n<meta name=\"robots\" content=\"index, follow, max-snippet:-1, max-image-preview:large, max-video-preview:-1\" \/>\n<link rel=\"canonical\" href=\"https:\/\/www.bodegasgranbazan.com\/en\/torneo-de-golf-semana-de-oro-del-albarino-granbazan\/\" \/>\n<meta property=\"og:locale\" content=\"en_GB\" \/>\n<meta property=\"og:type\" content=\"article\" \/>\n<meta property=\"og:title\" content=\"Torneo de Golf &quot;Semana de oro del albari\u00f1o&quot; Granbaz\u00e1n - Granbaz\u00e1n - Bodegas GRANBAZ\u00c1N\" \/>\n<meta property=\"og:description\" content=\"El d\u00eda 27 de Julio de 2017, con motivo de la LXV Fiesta del Albari\u00f1o de Cambados \u00a0y aprovechando las celebraciones de la Capital Europea del vino, patrocinamos el torneo de golf \u00abSemana de oro del albari\u00f1o\u00bb en el campo de golf \u00abChan do fento\u00bb de Meis, Pontevedra. Los ganadores del certamen, se llevaron\u00a0trofeos y [&hellip;]\" \/>\n<meta property=\"og:url\" content=\"https:\/\/www.bodegasgranbazan.com\/en\/torneo-de-golf-semana-de-oro-del-albarino-granbazan\/\" \/>\n<meta property=\"og:site_name\" content=\"Granbaz\u00e1n - Bodegas GRANBAZ\u00c1N\" \/>\n<meta property=\"article:published_time\" content=\"2017-07-27T11:45:45+00:00\" \/>\n<meta property=\"og:image\" content=\"https:\/\/www.bodegasgranbazan.com\/web26\/wp-content\/uploads\/2017\/07\/Logo_Club_web.png\" \/>\n\t<meta property=\"og:image:width\" content=\"300\" \/>\n\t<meta property=\"og:image:height\" content=\"250\" \/>\n\t<meta property=\"og:image:type\" content=\"image\/png\" \/>\n<meta name=\"author\" content=\"mdecomunicacion\" \/>\n<meta name=\"twitter:card\" content=\"summary_large_image\" \/>\n<meta name=\"twitter:label1\" content=\"Written by\" \/>\n\t<meta name=\"twitter:data1\" content=\"mdecomunicacion\" \/>\n\t<meta name=\"twitter:label2\" content=\"Estimated reading time\" \/>\n\t<meta name=\"twitter:data2\" content=\"1 minute\" \/>\n<script type=\"application\/ld+json\" class=\"yoast-schema-graph\">{\"@context\":\"https:\\\/\\\/schema.org\",\"@graph\":[{\"@type\":\"Article\",\"@id\":\"https:\\\/\\\/www.bodegasgranbazan.com\\\/torneo-de-golf-semana-de-oro-del-albarino-granbazan\\\/#article\",\"isPartOf\":{\"@id\":\"https:\\\/\\\/www.bodegasgranbazan.com\\\/torneo-de-golf-semana-de-oro-del-albarino-granbazan\\\/\"},\"author\":{\"name\":\"mdecomunicacion\",\"@id\":\"https:\\\/\\\/www.bodegasgranbazan.com\\\/#\\\/schema\\\/person\\\/97933cc939af6c2ab105f04fa04baf82\"},\"headline\":\"Torneo de Golf \u00abSemana de oro del albari\u00f1o\u00bb Granbaz\u00e1n\",\"datePublished\":\"2017-07-27T11:45:45+00:00\",\"mainEntityOfPage\":{\"@id\":\"https:\\\/\\\/www.bodegasgranbazan.com\\\/torneo-de-golf-semana-de-oro-del-albarino-granbazan\\\/\"},\"wordCount\":137,\"commentCount\":0,\"publisher\":{\"@id\":\"https:\\\/\\\/www.bodegasgranbazan.com\\\/#organization\"},\"image\":{\"@id\":\"https:\\\/\\\/www.bodegasgranbazan.com\\\/torneo-de-golf-semana-de-oro-del-albarino-granbazan\\\/#primaryimage\"},\"thumbnailUrl\":\"https:\\\/\\\/www.bodegasgranbazan.com\\\/web26\\\/wp-content\\\/uploads\\\/2017\\\/07\\\/Logo_Club_web.png\",\"articleSection\":[\"Noticias\"],\"inLanguage\":\"en-GB\",\"potentialAction\":[{\"@type\":\"CommentAction\",\"name\":\"Comment\",\"target\":[\"https:\\\/\\\/www.bodegasgranbazan.com\\\/torneo-de-golf-semana-de-oro-del-albarino-granbazan\\\/#respond\"]}]},{\"@type\":\"WebPage\",\"@id\":\"https:\\\/\\\/www.bodegasgranbazan.com\\\/torneo-de-golf-semana-de-oro-del-albarino-granbazan\\\/\",\"url\":\"https:\\\/\\\/www.bodegasgranbazan.com\\\/torneo-de-golf-semana-de-oro-del-albarino-granbazan\\\/\",\"name\":\"Torneo de Golf \\\"Semana de oro del albari\u00f1o\\\" Granbaz\u00e1n - Granbaz\u00e1n - Bodegas GRANBAZ\u00c1N\",\"isPartOf\":{\"@id\":\"https:\\\/\\\/www.bodegasgranbazan.com\\\/#website\"},\"primaryImageOfPage\":{\"@id\":\"https:\\\/\\\/www.bodegasgranbazan.com\\\/torneo-de-golf-semana-de-oro-del-albarino-granbazan\\\/#primaryimage\"},\"image\":{\"@id\":\"https:\\\/\\\/www.bodegasgranbazan.com\\\/torneo-de-golf-semana-de-oro-del-albarino-granbazan\\\/#primaryimage\"},\"thumbnailUrl\":\"https:\\\/\\\/www.bodegasgranbazan.com\\\/web26\\\/wp-content\\\/uploads\\\/2017\\\/07\\\/Logo_Club_web.png\",\"datePublished\":\"2017-07-27T11:45:45+00:00\",\"breadcrumb\":{\"@id\":\"https:\\\/\\\/www.bodegasgranbazan.com\\\/torneo-de-golf-semana-de-oro-del-albarino-granbazan\\\/#breadcrumb\"},\"inLanguage\":\"en-GB\",\"potentialAction\":[{\"@type\":\"ReadAction\",\"target\":[\"https:\\\/\\\/www.bodegasgranbazan.com\\\/torneo-de-golf-semana-de-oro-del-albarino-granbazan\\\/\"]}]},{\"@type\":\"ImageObject\",\"inLanguage\":\"en-GB\",\"@id\":\"https:\\\/\\\/www.bodegasgranbazan.com\\\/torneo-de-golf-semana-de-oro-del-albarino-granbazan\\\/#primaryimage\",\"url\":\"https:\\\/\\\/www.bodegasgranbazan.com\\\/web26\\\/wp-content\\\/uploads\\\/2017\\\/07\\\/Logo_Club_web.png\",\"contentUrl\":\"https:\\\/\\\/www.bodegasgranbazan.com\\\/web26\\\/wp-content\\\/uploads\\\/2017\\\/07\\\/Logo_Club_web.png\",\"width\":300,\"height\":250},{\"@type\":\"BreadcrumbList\",\"@id\":\"https:\\\/\\\/www.bodegasgranbazan.com\\\/torneo-de-golf-semana-de-oro-del-albarino-granbazan\\\/#breadcrumb\",\"itemListElement\":[{\"@type\":\"ListItem\",\"position\":1,\"name\":\"Portada\",\"item\":\"https:\\\/\\\/www.bodegasgranbazan.com\\\/\"},{\"@type\":\"ListItem\",\"position\":2,\"name\":\"Torneo de Golf &#8220;Semana de oro del albari\u00f1o&#8221; Granbaz\u00e1n\"}]},{\"@type\":\"WebSite\",\"@id\":\"https:\\\/\\\/www.bodegasgranbazan.com\\\/#website\",\"url\":\"https:\\\/\\\/www.bodegasgranbazan.com\\\/\",\"name\":\"Bodegas Granbaz\u00e1n\",\"description\":\"Ubicada en el Valle del Saln\u00e9s, en el coraz\u00f3n de las R\u00edas Baixas.\",\"publisher\":{\"@id\":\"https:\\\/\\\/www.bodegasgranbazan.com\\\/#organization\"},\"potentialAction\":[{\"@type\":\"SearchAction\",\"target\":{\"@type\":\"EntryPoint\",\"urlTemplate\":\"https:\\\/\\\/www.bodegasgranbazan.com\\\/?s={search_term_string}\"},\"query-input\":{\"@type\":\"PropertyValueSpecification\",\"valueRequired\":true,\"valueName\":\"search_term_string\"}}],\"inLanguage\":\"en-GB\"},{\"@type\":\"Organization\",\"@id\":\"https:\\\/\\\/www.bodegasgranbazan.com\\\/#organization\",\"name\":\"Bodegas Granbaz\u00e1n\",\"url\":\"https:\\\/\\\/www.bodegasgranbazan.com\\\/\",\"logo\":{\"@type\":\"ImageObject\",\"inLanguage\":\"en-GB\",\"@id\":\"https:\\\/\\\/www.bodegasgranbazan.com\\\/#\\\/schema\\\/logo\\\/image\\\/\",\"url\":\"https:\\\/\\\/www.bodegasgranbazan.com\\\/web26\\\/wp-content\\\/uploads\\\/2026\\\/01\\\/granbazan-logo-def.webp\",\"contentUrl\":\"https:\\\/\\\/www.bodegasgranbazan.com\\\/web26\\\/wp-content\\\/uploads\\\/2026\\\/01\\\/granbazan-logo-def.webp\",\"width\":500,\"height\":264,\"caption\":\"Bodegas Granbaz\u00e1n\"},\"image\":{\"@id\":\"https:\\\/\\\/www.bodegasgranbazan.com\\\/#\\\/schema\\\/logo\\\/image\\\/\"}},{\"@type\":\"Person\",\"@id\":\"https:\\\/\\\/www.bodegasgranbazan.com\\\/#\\\/schema\\\/person\\\/97933cc939af6c2ab105f04fa04baf82\",\"name\":\"mdecomunicacion\",\"image\":{\"@type\":\"ImageObject\",\"inLanguage\":\"en-GB\",\"@id\":\"https:\\\/\\\/secure.gravatar.com\\\/avatar\\\/66949bf9de56bfbec1700a5ea49e164097d3fe494d34a17f01cb80ec9566a0ea?s=96&d=mm&r=g\",\"url\":\"https:\\\/\\\/secure.gravatar.com\\\/avatar\\\/66949bf9de56bfbec1700a5ea49e164097d3fe494d34a17f01cb80ec9566a0ea?s=96&d=mm&r=g\",\"contentUrl\":\"https:\\\/\\\/secure.gravatar.com\\\/avatar\\\/66949bf9de56bfbec1700a5ea49e164097d3fe494d34a17f01cb80ec9566a0ea?s=96&d=mm&r=g\",\"caption\":\"mdecomunicacion\"},\"url\":\"https:\\\/\\\/www.bodegasgranbazan.com\\\/en\\\/author\\\/4abb42feb80256ea\\\/\"}]}<\/script>\n<!-- \/ Yoast SEO plugin. -->","yoast_head_json":{"title":"Torneo de Golf \"Semana de oro del albari\u00f1o\" Granbaz\u00e1n - Granbaz\u00e1n - Bodegas GRANBAZ\u00c1N","robots":{"index":"index","follow":"follow","max-snippet":"max-snippet:-1","max-image-preview":"max-image-preview:large","max-video-preview":"max-video-preview:-1"},"canonical":"https:\/\/www.bodegasgranbazan.com\/en\/torneo-de-golf-semana-de-oro-del-albarino-granbazan\/","og_locale":"en_GB","og_type":"article","og_title":"Torneo de Golf \"Semana de oro del albari\u00f1o\" Granbaz\u00e1n - Granbaz\u00e1n - Bodegas GRANBAZ\u00c1N","og_description":"El d\u00eda 27 de Julio de 2017, con motivo de la LXV Fiesta del Albari\u00f1o de Cambados \u00a0y aprovechando las celebraciones de la Capital Europea del vino, patrocinamos el torneo de golf \u00abSemana de oro del albari\u00f1o\u00bb en el campo de golf \u00abChan do fento\u00bb de Meis, Pontevedra. Los ganadores del certamen, se llevaron\u00a0trofeos y [&hellip;]","og_url":"https:\/\/www.bodegasgranbazan.com\/en\/torneo-de-golf-semana-de-oro-del-albarino-granbazan\/","og_site_name":"Granbaz\u00e1n - Bodegas GRANBAZ\u00c1N","article_published_time":"2017-07-27T11:45:45+00:00","og_image":[{"width":300,"height":250,"url":"https:\/\/www.bodegasgranbazan.com\/web26\/wp-content\/uploads\/2017\/07\/Logo_Club_web.png","type":"image\/png"}],"author":"mdecomunicacion","twitter_card":"summary_large_image","twitter_misc":{"Written by":"mdecomunicacion","Estimated reading time":"1 minute"},"schema":{"@context":"https:\/\/schema.org","@graph":[{"@type":"Article","@id":"https:\/\/www.bodegasgranbazan.com\/torneo-de-golf-semana-de-oro-del-albarino-granbazan\/#article","isPartOf":{"@id":"https:\/\/www.bodegasgranbazan.com\/torneo-de-golf-semana-de-oro-del-albarino-granbazan\/"},"author":{"name":"mdecomunicacion","@id":"https:\/\/www.bodegasgranbazan.com\/#\/schema\/person\/97933cc939af6c2ab105f04fa04baf82"},"headline":"Torneo de Golf \u00abSemana de oro del albari\u00f1o\u00bb Granbaz\u00e1n","datePublished":"2017-07-27T11:45:45+00:00","mainEntityOfPage":{"@id":"https:\/\/www.bodegasgranbazan.com\/torneo-de-golf-semana-de-oro-del-albarino-granbazan\/"},"wordCount":137,"commentCount":0,"publisher":{"@id":"https:\/\/www.bodegasgranbazan.com\/#organization"},"image":{"@id":"https:\/\/www.bodegasgranbazan.com\/torneo-de-golf-semana-de-oro-del-albarino-granbazan\/#primaryimage"},"thumbnailUrl":"https:\/\/www.bodegasgranbazan.com\/web26\/wp-content\/uploads\/2017\/07\/Logo_Club_web.png","articleSection":["Noticias"],"inLanguage":"en-GB","potentialAction":[{"@type":"CommentAction","name":"Comment","target":["https:\/\/www.bodegasgranbazan.com\/torneo-de-golf-semana-de-oro-del-albarino-granbazan\/#respond"]}]},{"@type":"WebPage","@id":"https:\/\/www.bodegasgranbazan.com\/torneo-de-golf-semana-de-oro-del-albarino-granbazan\/","url":"https:\/\/www.bodegasgranbazan.com\/torneo-de-golf-semana-de-oro-del-albarino-granbazan\/","name":"Torneo de Golf \"Semana de oro del albari\u00f1o\" Granbaz\u00e1n - Granbaz\u00e1n - Bodegas GRANBAZ\u00c1N","isPartOf":{"@id":"https:\/\/www.bodegasgranbazan.com\/#website"},"primaryImageOfPage":{"@id":"https:\/\/www.bodegasgranbazan.com\/torneo-de-golf-semana-de-oro-del-albarino-granbazan\/#primaryimage"},"image":{"@id":"https:\/\/www.bodegasgranbazan.com\/torneo-de-golf-semana-de-oro-del-albarino-granbazan\/#primaryimage"},"thumbnailUrl":"https:\/\/www.bodegasgranbazan.com\/web26\/wp-content\/uploads\/2017\/07\/Logo_Club_web.png","datePublished":"2017-07-27T11:45:45+00:00","breadcrumb":{"@id":"https:\/\/www.bodegasgranbazan.com\/torneo-de-golf-semana-de-oro-del-albarino-granbazan\/#breadcrumb"},"inLanguage":"en-GB","potentialAction":[{"@type":"ReadAction","target":["https:\/\/www.bodegasgranbazan.com\/torneo-de-golf-semana-de-oro-del-albarino-granbazan\/"]}]},{"@type":"ImageObject","inLanguage":"en-GB","@id":"https:\/\/www.bodegasgranbazan.com\/torneo-de-golf-semana-de-oro-del-albarino-granbazan\/#primaryimage","url":"https:\/\/www.bodegasgranbazan.com\/web26\/wp-content\/uploads\/2017\/07\/Logo_Club_web.png","contentUrl":"https:\/\/www.bodegasgranbazan.com\/web26\/wp-content\/uploads\/2017\/07\/Logo_Club_web.png","width":300,"height":250},{"@type":"BreadcrumbList","@id":"https:\/\/www.bodegasgranbazan.com\/torneo-de-golf-semana-de-oro-del-albarino-granbazan\/#breadcrumb","itemListElement":[{"@type":"ListItem","position":1,"name":"Portada","item":"https:\/\/www.bodegasgranbazan.com\/"},{"@type":"ListItem","position":2,"name":"Torneo de Golf &#8220;Semana de oro del albari\u00f1o&#8221; Granbaz\u00e1n"}]},{"@type":"WebSite","@id":"https:\/\/www.bodegasgranbazan.com\/#website","url":"https:\/\/www.bodegasgranbazan.com\/","name":"Granbaz\u00e1n Winery","description":"Located in the Saln\u00e9s Valley, in the heart of the R\u00edas Baixas.","publisher":{"@id":"https:\/\/www.bodegasgranbazan.com\/#organization"},"potentialAction":[{"@type":"SearchAction","target":{"@type":"EntryPoint","urlTemplate":"https:\/\/www.bodegasgranbazan.com\/?s={search_term_string}"},"query-input":{"@type":"PropertyValueSpecification","valueRequired":true,"valueName":"search_term_string"}}],"inLanguage":"en-GB"},{"@type":"Organization","@id":"https:\/\/www.bodegasgranbazan.com\/#organization","name":"Granbaz\u00e1n Winery","url":"https:\/\/www.bodegasgranbazan.com\/","logo":{"@type":"ImageObject","inLanguage":"en-GB","@id":"https:\/\/www.bodegasgranbazan.com\/#\/schema\/logo\/image\/","url":"https:\/\/www.bodegasgranbazan.com\/web26\/wp-content\/uploads\/2026\/01\/granbazan-logo-def.webp","contentUrl":"https:\/\/www.bodegasgranbazan.com\/web26\/wp-content\/uploads\/2026\/01\/granbazan-logo-def.webp","width":500,"height":264,"caption":"Bodegas Granbaz\u00e1n"},"image":{"@id":"https:\/\/www.bodegasgranbazan.com\/#\/schema\/logo\/image\/"}},{"@type":"Person","@id":"https:\/\/www.bodegasgranbazan.com\/#\/schema\/person\/97933cc939af6c2ab105f04fa04baf82","name":"mdecomunicacion","image":{"@type":"ImageObject","inLanguage":"en-GB","@id":"https:\/\/secure.gravatar.com\/avatar\/66949bf9de56bfbec1700a5ea49e164097d3fe494d34a17f01cb80ec9566a0ea?s=96&d=mm&r=g","url":"https:\/\/secure.gravatar.com\/avatar\/66949bf9de56bfbec1700a5ea49e164097d3fe494d34a17f01cb80ec9566a0ea?s=96&d=mm&r=g","contentUrl":"https:\/\/secure.gravatar.com\/avatar\/66949bf9de56bfbec1700a5ea49e164097d3fe494d34a17f01cb80ec9566a0ea?s=96&d=mm&r=g","caption":"mdecomunicacion"},"url":"https:\/\/www.bodegasgranbazan.com\/en\/author\/4abb42feb80256ea\/"}]}},"_links":{"self":[{"href":"https:\/\/www.bodegasgranbazan.com\/en\/wp-json\/wp\/v2\/posts\/6048","targetHints":{"allow":["GET"]}}],"collection":[{"href":"https:\/\/www.bodegasgranbazan.com\/en\/wp-json\/wp\/v2\/posts"}],"about":[{"href":"https:\/\/www.bodegasgranbazan.com\/en\/wp-json\/wp\/v2\/types\/post"}],"author":[{"embeddable":true,"href":"https:\/\/www.bodegasgranbazan.com\/en\/wp-json\/wp\/v2\/users\/2"}],"replies":[{"embeddable":true,"href":"https:\/\/www.bodegasgranbazan.com\/en\/wp-json\/wp\/v2\/comments?post=6048"}],"version-history":[{"count":0,"href":"https:\/\/www.bodegasgranbazan.com\/en\/wp-json\/wp\/v2\/posts\/6048\/revisions"}],"wp:featuredmedia":[{"embeddable":true,"href":"https:\/\/www.bodegasgranbazan.com\/en\/wp-json\/wp\/v2\/media\/5209"}],"wp:attachment":[{"href":"https:\/\/www.bodegasgranbazan.com\/en\/wp-json\/wp\/v2\/media?parent=6048"}],"wp:term":[{"taxonomy":"category","embeddable":true,"href":"https:\/\/www.bodegasgranbazan.com\/en\/wp-json\/wp\/v2\/categories?post=6048"},{"taxonomy":"post_tag","embeddable":true,"href":"https:\/\/www.bodegasgranbazan.com\/en\/wp-json\/wp\/v2\/tags?post=6048"}],"curies":[{"name":"wp","href":"https:\/\/api.w.org\/{rel}","templated":true}]}}