{"id":6054,"date":"2016-11-16T13:53:36","date_gmt":"2016-11-16T12:53:36","guid":{"rendered":"https:\/\/www.bodegasgranbazan.com\/?p=6054"},"modified":"2016-11-16T13:53:36","modified_gmt":"2016-11-16T12:53:36","slug":"cambados-ciudad-europea-del-vino-2017","status":"publish","type":"post","link":"https:\/\/www.bodegasgranbazan.com\/en\/cambados-ciudad-europea-del-vino-2017\/","title":{"rendered":"Cambados, Ciudad Europea del Vino 2017"},"content":{"rendered":"<p>Estamos de celebraci\u00f3n.<\/p>\n<p>Nuestro municipio vecino, Cambados, ser\u00e1 durante el a\u00f1o 2017 \u00abCiudad Europea del vino\u00bb, m\u00e9rito que reconoce el trabajo de todas las personas que trabajan en el sector del vino.<\/p>\n<p>Cambados, es un destino enol\u00f3gico indispensable para descubrir las R\u00edas Baixas, donde se se elaboran algunos de los mejores vinos blancos del mundo. La gastronom\u00eda, paisajes, naturaleza completan la oferta de actividades que hacen que los visitantes gocen las visitas y experiencias en total plenitud.<\/p>\n<p>Si eres un amante del enoturismo, y te gusta participar en catas de vino, vistar bodegas y descubrir el secreto de<span class=\"encabezado\"> vinos tan \u00fanicos como nuestro albari\u00f1o Granbaz\u00e1n<\/span>, no te lo pienses m\u00e1s y organiza ya tu viaje enol\u00f3gico para celebrar que 2017 es el a\u00f1o de Cambados como Ciudad Europea del Vino 2017.<\/p>\n<p>\u00a1Bienvenidos!<\/p>\n<p>&nbsp;<\/p>\n<p>&nbsp;<\/p>","protected":false},"excerpt":{"rendered":"<p>Estamos de celebraci\u00f3n. Nuestro municipio vecino, Cambados, ser\u00e1 durante el a\u00f1o 2017 \u00abCiudad Europea del vino\u00bb, m\u00e9rito que reconoce el trabajo de todas las personas que trabajan en el sector del vino. Cambados, es un destino enol\u00f3gico indispensable para descubrir las R\u00edas Baixas, donde se se elaboran algunos de los mejores vinos blancos del mundo. [&hellip;]<\/p>\n","protected":false},"author":2,"featured_media":4832,"comment_status":"open","ping_status":"open","sticky":false,"template":"","format":"standard","meta":{"_acf_changed":false,"footnotes":""},"categories":[39],"tags":[],"class_list":["post-6054","post","type-post","status-publish","format-standard","has-post-thumbnail","hentry","category-noticias"],"acf":[],"yoast_head":"<!-- This site is optimized with the Yoast SEO plugin v27.5 - https:\/\/yoast.com\/product\/yoast-seo-wordpress\/ -->\n<title>Cambados, Ciudad Europea del Vino 2017 - Granbaz\u00e1n - Bodegas GRANBAZ\u00c1N<\/title>\n<meta name=\"robots\" content=\"index, follow, max-snippet:-1, max-image-preview:large, max-video-preview:-1\" \/>\n<link rel=\"canonical\" href=\"https:\/\/www.bodegasgranbazan.com\/en\/cambados-ciudad-europea-del-vino-2017\/\" \/>\n<meta property=\"og:locale\" content=\"en_GB\" \/>\n<meta property=\"og:type\" content=\"article\" \/>\n<meta property=\"og:title\" content=\"Cambados, Ciudad Europea del Vino 2017 - Granbaz\u00e1n - Bodegas GRANBAZ\u00c1N\" \/>\n<meta property=\"og:description\" content=\"Estamos de celebraci\u00f3n. Nuestro municipio vecino, Cambados, ser\u00e1 durante el a\u00f1o 2017 \u00abCiudad Europea del vino\u00bb, m\u00e9rito que reconoce el trabajo de todas las personas que trabajan en el sector del vino. Cambados, es un destino enol\u00f3gico indispensable para descubrir las R\u00edas Baixas, donde se se elaboran algunos de los mejores vinos blancos del mundo. [&hellip;]\" \/>\n<meta property=\"og:url\" content=\"https:\/\/www.bodegasgranbazan.com\/en\/cambados-ciudad-europea-del-vino-2017\/\" \/>\n<meta property=\"og:site_name\" content=\"Granbaz\u00e1n - Bodegas GRANBAZ\u00c1N\" \/>\n<meta property=\"article:published_time\" content=\"2016-11-16T12:53:36+00:00\" \/>\n<meta property=\"og:image\" content=\"https:\/\/www.bodegasgranbazan.com\/web26\/wp-content\/uploads\/2016\/11\/Cambados.jpg\" \/>\n\t<meta property=\"og:image:width\" content=\"768\" \/>\n\t<meta property=\"og:image:height\" content=\"297\" \/>\n\t<meta property=\"og:image:type\" content=\"image\/jpeg\" \/>\n<meta name=\"author\" content=\"mdecomunicacion\" \/>\n<meta name=\"twitter:card\" content=\"summary_large_image\" \/>\n<meta name=\"twitter:label1\" content=\"Written by\" \/>\n\t<meta name=\"twitter:data1\" content=\"mdecomunicacion\" \/>\n\t<meta name=\"twitter:label2\" content=\"Estimated reading time\" \/>\n\t<meta name=\"twitter:data2\" content=\"1 minute\" \/>\n<script type=\"application\/ld+json\" class=\"yoast-schema-graph\">{\"@context\":\"https:\\\/\\\/schema.org\",\"@graph\":[{\"@type\":\"Article\",\"@id\":\"https:\\\/\\\/www.bodegasgranbazan.com\\\/cambados-ciudad-europea-del-vino-2017\\\/#article\",\"isPartOf\":{\"@id\":\"https:\\\/\\\/www.bodegasgranbazan.com\\\/cambados-ciudad-europea-del-vino-2017\\\/\"},\"author\":{\"name\":\"mdecomunicacion\",\"@id\":\"https:\\\/\\\/www.bodegasgranbazan.com\\\/#\\\/schema\\\/person\\\/97933cc939af6c2ab105f04fa04baf82\"},\"headline\":\"Cambados, Ciudad Europea del Vino 2017\",\"datePublished\":\"2016-11-16T12:53:36+00:00\",\"mainEntityOfPage\":{\"@id\":\"https:\\\/\\\/www.bodegasgranbazan.com\\\/cambados-ciudad-europea-del-vino-2017\\\/\"},\"wordCount\":147,\"commentCount\":0,\"publisher\":{\"@id\":\"https:\\\/\\\/www.bodegasgranbazan.com\\\/#organization\"},\"image\":{\"@id\":\"https:\\\/\\\/www.bodegasgranbazan.com\\\/cambados-ciudad-europea-del-vino-2017\\\/#primaryimage\"},\"thumbnailUrl\":\"https:\\\/\\\/www.bodegasgranbazan.com\\\/web26\\\/wp-content\\\/uploads\\\/2016\\\/11\\\/Cambados.jpg\",\"articleSection\":[\"Noticias\"],\"inLanguage\":\"en-GB\",\"potentialAction\":[{\"@type\":\"CommentAction\",\"name\":\"Comment\",\"target\":[\"https:\\\/\\\/www.bodegasgranbazan.com\\\/cambados-ciudad-europea-del-vino-2017\\\/#respond\"]}]},{\"@type\":\"WebPage\",\"@id\":\"https:\\\/\\\/www.bodegasgranbazan.com\\\/cambados-ciudad-europea-del-vino-2017\\\/\",\"url\":\"https:\\\/\\\/www.bodegasgranbazan.com\\\/cambados-ciudad-europea-del-vino-2017\\\/\",\"name\":\"Cambados, Ciudad Europea del Vino 2017 - Granbaz\u00e1n - Bodegas GRANBAZ\u00c1N\",\"isPartOf\":{\"@id\":\"https:\\\/\\\/www.bodegasgranbazan.com\\\/#website\"},\"primaryImageOfPage\":{\"@id\":\"https:\\\/\\\/www.bodegasgranbazan.com\\\/cambados-ciudad-europea-del-vino-2017\\\/#primaryimage\"},\"image\":{\"@id\":\"https:\\\/\\\/www.bodegasgranbazan.com\\\/cambados-ciudad-europea-del-vino-2017\\\/#primaryimage\"},\"thumbnailUrl\":\"https:\\\/\\\/www.bodegasgranbazan.com\\\/web26\\\/wp-content\\\/uploads\\\/2016\\\/11\\\/Cambados.jpg\",\"datePublished\":\"2016-11-16T12:53:36+00:00\",\"breadcrumb\":{\"@id\":\"https:\\\/\\\/www.bodegasgranbazan.com\\\/cambados-ciudad-europea-del-vino-2017\\\/#breadcrumb\"},\"inLanguage\":\"en-GB\",\"potentialAction\":[{\"@type\":\"ReadAction\",\"target\":[\"https:\\\/\\\/www.bodegasgranbazan.com\\\/cambados-ciudad-europea-del-vino-2017\\\/\"]}]},{\"@type\":\"ImageObject\",\"inLanguage\":\"en-GB\",\"@id\":\"https:\\\/\\\/www.bodegasgranbazan.com\\\/cambados-ciudad-europea-del-vino-2017\\\/#primaryimage\",\"url\":\"https:\\\/\\\/www.bodegasgranbazan.com\\\/web26\\\/wp-content\\\/uploads\\\/2016\\\/11\\\/Cambados.jpg\",\"contentUrl\":\"https:\\\/\\\/www.bodegasgranbazan.com\\\/web26\\\/wp-content\\\/uploads\\\/2016\\\/11\\\/Cambados.jpg\",\"width\":768,\"height\":297},{\"@type\":\"BreadcrumbList\",\"@id\":\"https:\\\/\\\/www.bodegasgranbazan.com\\\/cambados-ciudad-europea-del-vino-2017\\\/#breadcrumb\",\"itemListElement\":[{\"@type\":\"ListItem\",\"position\":1,\"name\":\"Portada\",\"item\":\"https:\\\/\\\/www.bodegasgranbazan.com\\\/\"},{\"@type\":\"ListItem\",\"position\":2,\"name\":\"Cambados, Ciudad Europea del Vino 2017\"}]},{\"@type\":\"WebSite\",\"@id\":\"https:\\\/\\\/www.bodegasgranbazan.com\\\/#website\",\"url\":\"https:\\\/\\\/www.bodegasgranbazan.com\\\/\",\"name\":\"Bodegas Granbaz\u00e1n\",\"description\":\"Ubicada en el Valle del Saln\u00e9s, en el coraz\u00f3n de las R\u00edas Baixas.\",\"publisher\":{\"@id\":\"https:\\\/\\\/www.bodegasgranbazan.com\\\/#organization\"},\"potentialAction\":[{\"@type\":\"SearchAction\",\"target\":{\"@type\":\"EntryPoint\",\"urlTemplate\":\"https:\\\/\\\/www.bodegasgranbazan.com\\\/?s={search_term_string}\"},\"query-input\":{\"@type\":\"PropertyValueSpecification\",\"valueRequired\":true,\"valueName\":\"search_term_string\"}}],\"inLanguage\":\"en-GB\"},{\"@type\":\"Organization\",\"@id\":\"https:\\\/\\\/www.bodegasgranbazan.com\\\/#organization\",\"name\":\"Bodegas Granbaz\u00e1n\",\"url\":\"https:\\\/\\\/www.bodegasgranbazan.com\\\/\",\"logo\":{\"@type\":\"ImageObject\",\"inLanguage\":\"en-GB\",\"@id\":\"https:\\\/\\\/www.bodegasgranbazan.com\\\/#\\\/schema\\\/logo\\\/image\\\/\",\"url\":\"https:\\\/\\\/www.bodegasgranbazan.com\\\/web26\\\/wp-content\\\/uploads\\\/2026\\\/01\\\/granbazan-logo-def.webp\",\"contentUrl\":\"https:\\\/\\\/www.bodegasgranbazan.com\\\/web26\\\/wp-content\\\/uploads\\\/2026\\\/01\\\/granbazan-logo-def.webp\",\"width\":500,\"height\":264,\"caption\":\"Bodegas Granbaz\u00e1n\"},\"image\":{\"@id\":\"https:\\\/\\\/www.bodegasgranbazan.com\\\/#\\\/schema\\\/logo\\\/image\\\/\"}},{\"@type\":\"Person\",\"@id\":\"https:\\\/\\\/www.bodegasgranbazan.com\\\/#\\\/schema\\\/person\\\/97933cc939af6c2ab105f04fa04baf82\",\"name\":\"mdecomunicacion\",\"image\":{\"@type\":\"ImageObject\",\"inLanguage\":\"en-GB\",\"@id\":\"https:\\\/\\\/secure.gravatar.com\\\/avatar\\\/66949bf9de56bfbec1700a5ea49e164097d3fe494d34a17f01cb80ec9566a0ea?s=96&d=mm&r=g\",\"url\":\"https:\\\/\\\/secure.gravatar.com\\\/avatar\\\/66949bf9de56bfbec1700a5ea49e164097d3fe494d34a17f01cb80ec9566a0ea?s=96&d=mm&r=g\",\"contentUrl\":\"https:\\\/\\\/secure.gravatar.com\\\/avatar\\\/66949bf9de56bfbec1700a5ea49e164097d3fe494d34a17f01cb80ec9566a0ea?s=96&d=mm&r=g\",\"caption\":\"mdecomunicacion\"},\"url\":\"https:\\\/\\\/www.bodegasgranbazan.com\\\/en\\\/author\\\/4abb42feb80256ea\\\/\"}]}<\/script>\n<!-- \/ Yoast SEO plugin. -->","yoast_head_json":{"title":"Cambados, Ciudad Europea del Vino 2017 - Granbaz\u00e1n - Bodegas GRANBAZ\u00c1N","robots":{"index":"index","follow":"follow","max-snippet":"max-snippet:-1","max-image-preview":"max-image-preview:large","max-video-preview":"max-video-preview:-1"},"canonical":"https:\/\/www.bodegasgranbazan.com\/en\/cambados-ciudad-europea-del-vino-2017\/","og_locale":"en_GB","og_type":"article","og_title":"Cambados, Ciudad Europea del Vino 2017 - Granbaz\u00e1n - Bodegas GRANBAZ\u00c1N","og_description":"Estamos de celebraci\u00f3n. Nuestro municipio vecino, Cambados, ser\u00e1 durante el a\u00f1o 2017 \u00abCiudad Europea del vino\u00bb, m\u00e9rito que reconoce el trabajo de todas las personas que trabajan en el sector del vino. Cambados, es un destino enol\u00f3gico indispensable para descubrir las R\u00edas Baixas, donde se se elaboran algunos de los mejores vinos blancos del mundo. [&hellip;]","og_url":"https:\/\/www.bodegasgranbazan.com\/en\/cambados-ciudad-europea-del-vino-2017\/","og_site_name":"Granbaz\u00e1n - Bodegas GRANBAZ\u00c1N","article_published_time":"2016-11-16T12:53:36+00:00","og_image":[{"width":768,"height":297,"url":"https:\/\/www.bodegasgranbazan.com\/web26\/wp-content\/uploads\/2016\/11\/Cambados.jpg","type":"image\/jpeg"}],"author":"mdecomunicacion","twitter_card":"summary_large_image","twitter_misc":{"Written by":"mdecomunicacion","Estimated reading time":"1 minute"},"schema":{"@context":"https:\/\/schema.org","@graph":[{"@type":"Article","@id":"https:\/\/www.bodegasgranbazan.com\/cambados-ciudad-europea-del-vino-2017\/#article","isPartOf":{"@id":"https:\/\/www.bodegasgranbazan.com\/cambados-ciudad-europea-del-vino-2017\/"},"author":{"name":"mdecomunicacion","@id":"https:\/\/www.bodegasgranbazan.com\/#\/schema\/person\/97933cc939af6c2ab105f04fa04baf82"},"headline":"Cambados, Ciudad Europea del Vino 2017","datePublished":"2016-11-16T12:53:36+00:00","mainEntityOfPage":{"@id":"https:\/\/www.bodegasgranbazan.com\/cambados-ciudad-europea-del-vino-2017\/"},"wordCount":147,"commentCount":0,"publisher":{"@id":"https:\/\/www.bodegasgranbazan.com\/#organization"},"image":{"@id":"https:\/\/www.bodegasgranbazan.com\/cambados-ciudad-europea-del-vino-2017\/#primaryimage"},"thumbnailUrl":"https:\/\/www.bodegasgranbazan.com\/web26\/wp-content\/uploads\/2016\/11\/Cambados.jpg","articleSection":["Noticias"],"inLanguage":"en-GB","potentialAction":[{"@type":"CommentAction","name":"Comment","target":["https:\/\/www.bodegasgranbazan.com\/cambados-ciudad-europea-del-vino-2017\/#respond"]}]},{"@type":"WebPage","@id":"https:\/\/www.bodegasgranbazan.com\/cambados-ciudad-europea-del-vino-2017\/","url":"https:\/\/www.bodegasgranbazan.com\/cambados-ciudad-europea-del-vino-2017\/","name":"Cambados, Ciudad Europea del Vino 2017 - Granbaz\u00e1n - Bodegas GRANBAZ\u00c1N","isPartOf":{"@id":"https:\/\/www.bodegasgranbazan.com\/#website"},"primaryImageOfPage":{"@id":"https:\/\/www.bodegasgranbazan.com\/cambados-ciudad-europea-del-vino-2017\/#primaryimage"},"image":{"@id":"https:\/\/www.bodegasgranbazan.com\/cambados-ciudad-europea-del-vino-2017\/#primaryimage"},"thumbnailUrl":"https:\/\/www.bodegasgranbazan.com\/web26\/wp-content\/uploads\/2016\/11\/Cambados.jpg","datePublished":"2016-11-16T12:53:36+00:00","breadcrumb":{"@id":"https:\/\/www.bodegasgranbazan.com\/cambados-ciudad-europea-del-vino-2017\/#breadcrumb"},"inLanguage":"en-GB","potentialAction":[{"@type":"ReadAction","target":["https:\/\/www.bodegasgranbazan.com\/cambados-ciudad-europea-del-vino-2017\/"]}]},{"@type":"ImageObject","inLanguage":"en-GB","@id":"https:\/\/www.bodegasgranbazan.com\/cambados-ciudad-europea-del-vino-2017\/#primaryimage","url":"https:\/\/www.bodegasgranbazan.com\/web26\/wp-content\/uploads\/2016\/11\/Cambados.jpg","contentUrl":"https:\/\/www.bodegasgranbazan.com\/web26\/wp-content\/uploads\/2016\/11\/Cambados.jpg","width":768,"height":297},{"@type":"BreadcrumbList","@id":"https:\/\/www.bodegasgranbazan.com\/cambados-ciudad-europea-del-vino-2017\/#breadcrumb","itemListElement":[{"@type":"ListItem","position":1,"name":"Portada","item":"https:\/\/www.bodegasgranbazan.com\/"},{"@type":"ListItem","position":2,"name":"Cambados, Ciudad Europea del Vino 2017"}]},{"@type":"WebSite","@id":"https:\/\/www.bodegasgranbazan.com\/#website","url":"https:\/\/www.bodegasgranbazan.com\/","name":"Granbaz\u00e1n Winery","description":"Located in the Saln\u00e9s Valley, in the heart of the R\u00edas Baixas.","publisher":{"@id":"https:\/\/www.bodegasgranbazan.com\/#organization"},"potentialAction":[{"@type":"SearchAction","target":{"@type":"EntryPoint","urlTemplate":"https:\/\/www.bodegasgranbazan.com\/?s={search_term_string}"},"query-input":{"@type":"PropertyValueSpecification","valueRequired":true,"valueName":"search_term_string"}}],"inLanguage":"en-GB"},{"@type":"Organization","@id":"https:\/\/www.bodegasgranbazan.com\/#organization","name":"Granbaz\u00e1n Winery","url":"https:\/\/www.bodegasgranbazan.com\/","logo":{"@type":"ImageObject","inLanguage":"en-GB","@id":"https:\/\/www.bodegasgranbazan.com\/#\/schema\/logo\/image\/","url":"https:\/\/www.bodegasgranbazan.com\/web26\/wp-content\/uploads\/2026\/01\/granbazan-logo-def.webp","contentUrl":"https:\/\/www.bodegasgranbazan.com\/web26\/wp-content\/uploads\/2026\/01\/granbazan-logo-def.webp","width":500,"height":264,"caption":"Bodegas Granbaz\u00e1n"},"image":{"@id":"https:\/\/www.bodegasgranbazan.com\/#\/schema\/logo\/image\/"}},{"@type":"Person","@id":"https:\/\/www.bodegasgranbazan.com\/#\/schema\/person\/97933cc939af6c2ab105f04fa04baf82","name":"mdecomunicacion","image":{"@type":"ImageObject","inLanguage":"en-GB","@id":"https:\/\/secure.gravatar.com\/avatar\/66949bf9de56bfbec1700a5ea49e164097d3fe494d34a17f01cb80ec9566a0ea?s=96&d=mm&r=g","url":"https:\/\/secure.gravatar.com\/avatar\/66949bf9de56bfbec1700a5ea49e164097d3fe494d34a17f01cb80ec9566a0ea?s=96&d=mm&r=g","contentUrl":"https:\/\/secure.gravatar.com\/avatar\/66949bf9de56bfbec1700a5ea49e164097d3fe494d34a17f01cb80ec9566a0ea?s=96&d=mm&r=g","caption":"mdecomunicacion"},"url":"https:\/\/www.bodegasgranbazan.com\/en\/author\/4abb42feb80256ea\/"}]}},"_links":{"self":[{"href":"https:\/\/www.bodegasgranbazan.com\/en\/wp-json\/wp\/v2\/posts\/6054","targetHints":{"allow":["GET"]}}],"collection":[{"href":"https:\/\/www.bodegasgranbazan.com\/en\/wp-json\/wp\/v2\/posts"}],"about":[{"href":"https:\/\/www.bodegasgranbazan.com\/en\/wp-json\/wp\/v2\/types\/post"}],"author":[{"embeddable":true,"href":"https:\/\/www.bodegasgranbazan.com\/en\/wp-json\/wp\/v2\/users\/2"}],"replies":[{"embeddable":true,"href":"https:\/\/www.bodegasgranbazan.com\/en\/wp-json\/wp\/v2\/comments?post=6054"}],"version-history":[{"count":0,"href":"https:\/\/www.bodegasgranbazan.com\/en\/wp-json\/wp\/v2\/posts\/6054\/revisions"}],"wp:featuredmedia":[{"embeddable":true,"href":"https:\/\/www.bodegasgranbazan.com\/en\/wp-json\/wp\/v2\/media\/4832"}],"wp:attachment":[{"href":"https:\/\/www.bodegasgranbazan.com\/en\/wp-json\/wp\/v2\/media?parent=6054"}],"wp:term":[{"taxonomy":"category","embeddable":true,"href":"https:\/\/www.bodegasgranbazan.com\/en\/wp-json\/wp\/v2\/categories?post=6054"},{"taxonomy":"post_tag","embeddable":true,"href":"https:\/\/www.bodegasgranbazan.com\/en\/wp-json\/wp\/v2\/tags?post=6054"}],"curies":[{"name":"wp","href":"https:\/\/api.w.org\/{rel}","templated":true}]}}