{"id":8142,"date":"2020-02-14T09:32:20","date_gmt":"2020-02-14T08:32:20","guid":{"rendered":"https:\/\/www.bodegasgranbazan.com\/?p=8142"},"modified":"2020-02-14T09:32:20","modified_gmt":"2020-02-14T08:32:20","slug":"on-october-19-open-day-at-bodegas-granbazan","status":"publish","type":"post","link":"https:\/\/www.bodegasgranbazan.com\/en\/on-october-19-open-day-at-bodegas-granbazan\/","title":{"rendered":"On October 19, open day at Bodegas GRANBAZ\u00c1N"},"content":{"rendered":"<p class=\"has-text-align-center\"><strong>Asiste al Granbaz\u00e1n Wedding Showroom y organiza la boda de tus Attend the Granbazan Wedding Showroom and organize the wedding of your dreams<\/strong><\/p>\n\n\n\n<p>On <strong>Saturday, October 19, 2019<\/strong>, we will open the doors of our facilities to enjoy a very special wedding event.<\/p>\n\n\n\n<p>It will be a day in which our team will be dedicated <strong>to couples who are planning to marry in 2020 or 2021<\/strong> and <strong>are motivated to visit us.<\/strong><\/p>\n\n\n\n<div class=\"wp-block-image\"><figure class=\"aligncenter\"><img decoding=\"async\" src=\"https:\/\/www.bodegasgranbazan.com\/web26\/wp-content\/uploads\/2019\/10\/bodas_-granbazan_rias-baixas-724x1024.jpg\" alt=\"\" class=\"wp-image-7842\"\/><\/figure><\/div>\n\n\n\n<p class=\"has-text-align-center\"><strong>Where will this event be held?<\/strong><\/p>\n\n\n\n<p>This day will take place at Bodegas GRANBAZ\u00c1N, our facilities are located at:<\/p>\n\n\n\n<p class=\"has-text-align-center\">Tremoedo\nPlace, 46<br>\n36628 \u2013 Vilanova de Arousa<br>\nPontevedra (Spain)<\/p>\n\n\n\n<p><\/p>\n\n\n\n<p class=\"has-text-align-center\"><strong>More information: Admission is FREE <\/strong><\/p>\n\n\n\n<p><strong>RESERVE YOUR PLACE TO ATTEND:<\/strong> We remind you that our capacity is limited, so if you want to come, it will be better if you reserve a place to come with your family, so you will avoid staying out of the event in case the capacity is completed.<\/p>\n\n\n\n<p><strong>You can make your reservation<\/strong>, by contacting us <strong>by phone at 986 555 562 or by writing an email to <\/strong><a href=\"mailto:eventos@agrodebazan.com\">eventos@agrodebazan.com<\/a>.<\/p>\n\n\n\n<p><strong>If you still have no place to celebrate your wedding&#8230; you can not miss this day!<\/strong><\/p>\n\n\n\n<p>Because we want you to stop imagining what a <strong>ceremony would be like in our Barrel Room<\/strong>, and discover how it really is!<\/p>\n\n\n\n<p>In addition, we will offer a <strong>tasting of the catering of our kitchens and\u00a0 our Albari\u00f1os wines GRANBAZ\u00c1N (D.O. R\u00edas Baixas).<\/strong><\/p>\n\n\n\n<p>During the day you can discover other <strong>services for the organization of your wedding<\/strong>, as we will be in company of great professionals from the wedding sector and event organization!<\/p>\n\n\n\n<p>Finally, we encourage you to share <strong>your best moments of the event using the hashtag #weddingsgranbazan in networks such as Instagram, Facebook and \/ Twitter, we will love to discover them through your photographs.<\/strong><\/p>\n\n\n\n<p class=\"has-text-align-center\"><strong>We are waiting for you at Bodegas GRANBAZ\u00c1N on Saturday, October 19!<\/strong><\/p>","protected":false},"excerpt":{"rendered":"<p>Asiste al Granbaz\u00e1n Wedding Showroom y organiza la boda de tus Attend the Granbazan Wedding Showroom and organize the wedding of your dreams On Saturday, October 19, 2019, we will open the doors of our facilities to enjoy a very special wedding event. It will be a day in which our team will be dedicated [&hellip;]<\/p>\n","protected":false},"author":2,"featured_media":8439,"comment_status":"open","ping_status":"open","sticky":false,"template":"","format":"standard","meta":{"_acf_changed":false,"footnotes":""},"categories":[100],"tags":[],"class_list":["post-8142","post","type-post","status-publish","format-standard","has-post-thumbnail","hentry","category-news"],"acf":[],"yoast_head":"<!-- This site is optimized with the Yoast SEO plugin v27.5 - https:\/\/yoast.com\/product\/yoast-seo-wordpress\/ -->\n<title>On October 19, open day at Bodegas GRANBAZ\u00c1N - Granbaz\u00e1n - Bodegas GRANBAZ\u00c1N<\/title>\n<meta name=\"robots\" content=\"index, follow, max-snippet:-1, max-image-preview:large, max-video-preview:-1\" \/>\n<link rel=\"canonical\" href=\"https:\/\/www.bodegasgranbazan.com\/en\/on-october-19-open-day-at-bodegas-granbazan\/\" \/>\n<meta property=\"og:locale\" content=\"en_GB\" \/>\n<meta property=\"og:type\" content=\"article\" \/>\n<meta property=\"og:title\" content=\"On October 19, open day at Bodegas GRANBAZ\u00c1N - Granbaz\u00e1n - Bodegas GRANBAZ\u00c1N\" \/>\n<meta property=\"og:description\" content=\"Asiste al Granbaz\u00e1n Wedding Showroom y organiza la boda de tus Attend the Granbazan Wedding Showroom and organize the wedding of your dreams On Saturday, October 19, 2019, we will open the doors of our facilities to enjoy a very special wedding event. It will be a day in which our team will be dedicated [&hellip;]\" \/>\n<meta property=\"og:url\" content=\"https:\/\/www.bodegasgranbazan.com\/en\/on-october-19-open-day-at-bodegas-granbazan\/\" \/>\n<meta property=\"og:site_name\" content=\"Granbaz\u00e1n - Bodegas GRANBAZ\u00c1N\" \/>\n<meta property=\"article:published_time\" content=\"2020-02-14T08:32:20+00:00\" \/>\n<meta property=\"og:image\" content=\"https:\/\/www.bodegasgranbazan.com\/web26\/wp-content\/uploads\/2019\/10\/jornada-de-puertas-abiertas_bodegas-granbazan_-1.jpg\" \/>\n\t<meta property=\"og:image:width\" content=\"800\" \/>\n\t<meta property=\"og:image:height\" content=\"800\" \/>\n\t<meta property=\"og:image:type\" content=\"image\/jpeg\" \/>\n<meta name=\"author\" content=\"mdecomunicacion\" \/>\n<meta name=\"twitter:card\" content=\"summary_large_image\" \/>\n<meta name=\"twitter:label1\" content=\"Written by\" \/>\n\t<meta name=\"twitter:data1\" content=\"mdecomunicacion\" \/>\n\t<meta name=\"twitter:label2\" content=\"Estimated reading time\" \/>\n\t<meta name=\"twitter:data2\" content=\"2 minutes\" \/>\n<script type=\"application\/ld+json\" class=\"yoast-schema-graph\">{\"@context\":\"https:\\\/\\\/schema.org\",\"@graph\":[{\"@type\":\"Article\",\"@id\":\"https:\\\/\\\/www.bodegasgranbazan.com\\\/on-october-19-open-day-at-bodegas-granbazan\\\/#article\",\"isPartOf\":{\"@id\":\"https:\\\/\\\/www.bodegasgranbazan.com\\\/on-october-19-open-day-at-bodegas-granbazan\\\/\"},\"author\":{\"name\":\"mdecomunicacion\",\"@id\":\"https:\\\/\\\/www.bodegasgranbazan.com\\\/#\\\/schema\\\/person\\\/97933cc939af6c2ab105f04fa04baf82\"},\"headline\":\"On October 19, open day at Bodegas GRANBAZ\u00c1N\",\"datePublished\":\"2020-02-14T08:32:20+00:00\",\"mainEntityOfPage\":{\"@id\":\"https:\\\/\\\/www.bodegasgranbazan.com\\\/on-october-19-open-day-at-bodegas-granbazan\\\/\"},\"wordCount\":316,\"commentCount\":0,\"publisher\":{\"@id\":\"https:\\\/\\\/www.bodegasgranbazan.com\\\/#organization\"},\"image\":{\"@id\":\"https:\\\/\\\/www.bodegasgranbazan.com\\\/on-october-19-open-day-at-bodegas-granbazan\\\/#primaryimage\"},\"thumbnailUrl\":\"https:\\\/\\\/www.bodegasgranbazan.com\\\/web26\\\/wp-content\\\/uploads\\\/2019\\\/10\\\/jornada-de-puertas-abiertas_bodegas-granbazan_-1.jpg\",\"articleSection\":[\"News\"],\"inLanguage\":\"en-GB\",\"potentialAction\":[{\"@type\":\"CommentAction\",\"name\":\"Comment\",\"target\":[\"https:\\\/\\\/www.bodegasgranbazan.com\\\/on-october-19-open-day-at-bodegas-granbazan\\\/#respond\"]}]},{\"@type\":\"WebPage\",\"@id\":\"https:\\\/\\\/www.bodegasgranbazan.com\\\/on-october-19-open-day-at-bodegas-granbazan\\\/\",\"url\":\"https:\\\/\\\/www.bodegasgranbazan.com\\\/on-october-19-open-day-at-bodegas-granbazan\\\/\",\"name\":\"On October 19, open day at Bodegas GRANBAZ\u00c1N - Granbaz\u00e1n - Bodegas GRANBAZ\u00c1N\",\"isPartOf\":{\"@id\":\"https:\\\/\\\/www.bodegasgranbazan.com\\\/#website\"},\"primaryImageOfPage\":{\"@id\":\"https:\\\/\\\/www.bodegasgranbazan.com\\\/on-october-19-open-day-at-bodegas-granbazan\\\/#primaryimage\"},\"image\":{\"@id\":\"https:\\\/\\\/www.bodegasgranbazan.com\\\/on-october-19-open-day-at-bodegas-granbazan\\\/#primaryimage\"},\"thumbnailUrl\":\"https:\\\/\\\/www.bodegasgranbazan.com\\\/web26\\\/wp-content\\\/uploads\\\/2019\\\/10\\\/jornada-de-puertas-abiertas_bodegas-granbazan_-1.jpg\",\"datePublished\":\"2020-02-14T08:32:20+00:00\",\"breadcrumb\":{\"@id\":\"https:\\\/\\\/www.bodegasgranbazan.com\\\/on-october-19-open-day-at-bodegas-granbazan\\\/#breadcrumb\"},\"inLanguage\":\"en-GB\",\"potentialAction\":[{\"@type\":\"ReadAction\",\"target\":[\"https:\\\/\\\/www.bodegasgranbazan.com\\\/on-october-19-open-day-at-bodegas-granbazan\\\/\"]}]},{\"@type\":\"ImageObject\",\"inLanguage\":\"en-GB\",\"@id\":\"https:\\\/\\\/www.bodegasgranbazan.com\\\/on-october-19-open-day-at-bodegas-granbazan\\\/#primaryimage\",\"url\":\"https:\\\/\\\/www.bodegasgranbazan.com\\\/web26\\\/wp-content\\\/uploads\\\/2019\\\/10\\\/jornada-de-puertas-abiertas_bodegas-granbazan_-1.jpg\",\"contentUrl\":\"https:\\\/\\\/www.bodegasgranbazan.com\\\/web26\\\/wp-content\\\/uploads\\\/2019\\\/10\\\/jornada-de-puertas-abiertas_bodegas-granbazan_-1.jpg\",\"width\":800,\"height\":800,\"caption\":\"Jornada de puertas abiertas para bodas en Bodegas Granbaz\u00e1n\"},{\"@type\":\"BreadcrumbList\",\"@id\":\"https:\\\/\\\/www.bodegasgranbazan.com\\\/on-october-19-open-day-at-bodegas-granbazan\\\/#breadcrumb\",\"itemListElement\":[{\"@type\":\"ListItem\",\"position\":1,\"name\":\"Portada\",\"item\":\"https:\\\/\\\/www.bodegasgranbazan.com\\\/\"},{\"@type\":\"ListItem\",\"position\":2,\"name\":\"On October 19, open day at Bodegas GRANBAZ\u00c1N\"}]},{\"@type\":\"WebSite\",\"@id\":\"https:\\\/\\\/www.bodegasgranbazan.com\\\/#website\",\"url\":\"https:\\\/\\\/www.bodegasgranbazan.com\\\/\",\"name\":\"Bodegas Granbaz\u00e1n\",\"description\":\"Ubicada en el Valle del Saln\u00e9s, en el coraz\u00f3n de las R\u00edas Baixas.\",\"publisher\":{\"@id\":\"https:\\\/\\\/www.bodegasgranbazan.com\\\/#organization\"},\"potentialAction\":[{\"@type\":\"SearchAction\",\"target\":{\"@type\":\"EntryPoint\",\"urlTemplate\":\"https:\\\/\\\/www.bodegasgranbazan.com\\\/?s={search_term_string}\"},\"query-input\":{\"@type\":\"PropertyValueSpecification\",\"valueRequired\":true,\"valueName\":\"search_term_string\"}}],\"inLanguage\":\"en-GB\"},{\"@type\":\"Organization\",\"@id\":\"https:\\\/\\\/www.bodegasgranbazan.com\\\/#organization\",\"name\":\"Bodegas Granbaz\u00e1n\",\"url\":\"https:\\\/\\\/www.bodegasgranbazan.com\\\/\",\"logo\":{\"@type\":\"ImageObject\",\"inLanguage\":\"en-GB\",\"@id\":\"https:\\\/\\\/www.bodegasgranbazan.com\\\/#\\\/schema\\\/logo\\\/image\\\/\",\"url\":\"https:\\\/\\\/www.bodegasgranbazan.com\\\/web26\\\/wp-content\\\/uploads\\\/2026\\\/01\\\/granbazan-logo-def.webp\",\"contentUrl\":\"https:\\\/\\\/www.bodegasgranbazan.com\\\/web26\\\/wp-content\\\/uploads\\\/2026\\\/01\\\/granbazan-logo-def.webp\",\"width\":500,\"height\":264,\"caption\":\"Bodegas Granbaz\u00e1n\"},\"image\":{\"@id\":\"https:\\\/\\\/www.bodegasgranbazan.com\\\/#\\\/schema\\\/logo\\\/image\\\/\"}},{\"@type\":\"Person\",\"@id\":\"https:\\\/\\\/www.bodegasgranbazan.com\\\/#\\\/schema\\\/person\\\/97933cc939af6c2ab105f04fa04baf82\",\"name\":\"mdecomunicacion\",\"image\":{\"@type\":\"ImageObject\",\"inLanguage\":\"en-GB\",\"@id\":\"https:\\\/\\\/secure.gravatar.com\\\/avatar\\\/66949bf9de56bfbec1700a5ea49e164097d3fe494d34a17f01cb80ec9566a0ea?s=96&d=mm&r=g\",\"url\":\"https:\\\/\\\/secure.gravatar.com\\\/avatar\\\/66949bf9de56bfbec1700a5ea49e164097d3fe494d34a17f01cb80ec9566a0ea?s=96&d=mm&r=g\",\"contentUrl\":\"https:\\\/\\\/secure.gravatar.com\\\/avatar\\\/66949bf9de56bfbec1700a5ea49e164097d3fe494d34a17f01cb80ec9566a0ea?s=96&d=mm&r=g\",\"caption\":\"mdecomunicacion\"},\"url\":\"https:\\\/\\\/www.bodegasgranbazan.com\\\/en\\\/author\\\/4abb42feb80256ea\\\/\"}]}<\/script>\n<!-- \/ Yoast SEO plugin. -->","yoast_head_json":{"title":"On October 19, open day at Bodegas GRANBAZ\u00c1N - Granbaz\u00e1n - Bodegas GRANBAZ\u00c1N","robots":{"index":"index","follow":"follow","max-snippet":"max-snippet:-1","max-image-preview":"max-image-preview:large","max-video-preview":"max-video-preview:-1"},"canonical":"https:\/\/www.bodegasgranbazan.com\/en\/on-october-19-open-day-at-bodegas-granbazan\/","og_locale":"en_GB","og_type":"article","og_title":"On October 19, open day at Bodegas GRANBAZ\u00c1N - Granbaz\u00e1n - Bodegas GRANBAZ\u00c1N","og_description":"Asiste al Granbaz\u00e1n Wedding Showroom y organiza la boda de tus Attend the Granbazan Wedding Showroom and organize the wedding of your dreams On Saturday, October 19, 2019, we will open the doors of our facilities to enjoy a very special wedding event. It will be a day in which our team will be dedicated [&hellip;]","og_url":"https:\/\/www.bodegasgranbazan.com\/en\/on-october-19-open-day-at-bodegas-granbazan\/","og_site_name":"Granbaz\u00e1n - Bodegas GRANBAZ\u00c1N","article_published_time":"2020-02-14T08:32:20+00:00","og_image":[{"width":800,"height":800,"url":"https:\/\/www.bodegasgranbazan.com\/web26\/wp-content\/uploads\/2019\/10\/jornada-de-puertas-abiertas_bodegas-granbazan_-1.jpg","type":"image\/jpeg"}],"author":"mdecomunicacion","twitter_card":"summary_large_image","twitter_misc":{"Written by":"mdecomunicacion","Estimated reading time":"2 minutes"},"schema":{"@context":"https:\/\/schema.org","@graph":[{"@type":"Article","@id":"https:\/\/www.bodegasgranbazan.com\/on-october-19-open-day-at-bodegas-granbazan\/#article","isPartOf":{"@id":"https:\/\/www.bodegasgranbazan.com\/on-october-19-open-day-at-bodegas-granbazan\/"},"author":{"name":"mdecomunicacion","@id":"https:\/\/www.bodegasgranbazan.com\/#\/schema\/person\/97933cc939af6c2ab105f04fa04baf82"},"headline":"On October 19, open day at Bodegas GRANBAZ\u00c1N","datePublished":"2020-02-14T08:32:20+00:00","mainEntityOfPage":{"@id":"https:\/\/www.bodegasgranbazan.com\/on-october-19-open-day-at-bodegas-granbazan\/"},"wordCount":316,"commentCount":0,"publisher":{"@id":"https:\/\/www.bodegasgranbazan.com\/#organization"},"image":{"@id":"https:\/\/www.bodegasgranbazan.com\/on-october-19-open-day-at-bodegas-granbazan\/#primaryimage"},"thumbnailUrl":"https:\/\/www.bodegasgranbazan.com\/web26\/wp-content\/uploads\/2019\/10\/jornada-de-puertas-abiertas_bodegas-granbazan_-1.jpg","articleSection":["News"],"inLanguage":"en-GB","potentialAction":[{"@type":"CommentAction","name":"Comment","target":["https:\/\/www.bodegasgranbazan.com\/on-october-19-open-day-at-bodegas-granbazan\/#respond"]}]},{"@type":"WebPage","@id":"https:\/\/www.bodegasgranbazan.com\/on-october-19-open-day-at-bodegas-granbazan\/","url":"https:\/\/www.bodegasgranbazan.com\/on-october-19-open-day-at-bodegas-granbazan\/","name":"On October 19, open day at Bodegas GRANBAZ\u00c1N - Granbaz\u00e1n - Bodegas GRANBAZ\u00c1N","isPartOf":{"@id":"https:\/\/www.bodegasgranbazan.com\/#website"},"primaryImageOfPage":{"@id":"https:\/\/www.bodegasgranbazan.com\/on-october-19-open-day-at-bodegas-granbazan\/#primaryimage"},"image":{"@id":"https:\/\/www.bodegasgranbazan.com\/on-october-19-open-day-at-bodegas-granbazan\/#primaryimage"},"thumbnailUrl":"https:\/\/www.bodegasgranbazan.com\/web26\/wp-content\/uploads\/2019\/10\/jornada-de-puertas-abiertas_bodegas-granbazan_-1.jpg","datePublished":"2020-02-14T08:32:20+00:00","breadcrumb":{"@id":"https:\/\/www.bodegasgranbazan.com\/on-october-19-open-day-at-bodegas-granbazan\/#breadcrumb"},"inLanguage":"en-GB","potentialAction":[{"@type":"ReadAction","target":["https:\/\/www.bodegasgranbazan.com\/on-october-19-open-day-at-bodegas-granbazan\/"]}]},{"@type":"ImageObject","inLanguage":"en-GB","@id":"https:\/\/www.bodegasgranbazan.com\/on-october-19-open-day-at-bodegas-granbazan\/#primaryimage","url":"https:\/\/www.bodegasgranbazan.com\/web26\/wp-content\/uploads\/2019\/10\/jornada-de-puertas-abiertas_bodegas-granbazan_-1.jpg","contentUrl":"https:\/\/www.bodegasgranbazan.com\/web26\/wp-content\/uploads\/2019\/10\/jornada-de-puertas-abiertas_bodegas-granbazan_-1.jpg","width":800,"height":800,"caption":"Jornada de puertas abiertas para bodas en Bodegas Granbaz\u00e1n"},{"@type":"BreadcrumbList","@id":"https:\/\/www.bodegasgranbazan.com\/on-october-19-open-day-at-bodegas-granbazan\/#breadcrumb","itemListElement":[{"@type":"ListItem","position":1,"name":"Portada","item":"https:\/\/www.bodegasgranbazan.com\/"},{"@type":"ListItem","position":2,"name":"On October 19, open day at Bodegas GRANBAZ\u00c1N"}]},{"@type":"WebSite","@id":"https:\/\/www.bodegasgranbazan.com\/#website","url":"https:\/\/www.bodegasgranbazan.com\/","name":"Granbaz\u00e1n Winery","description":"Located in the Saln\u00e9s Valley, in the heart of the R\u00edas Baixas.","publisher":{"@id":"https:\/\/www.bodegasgranbazan.com\/#organization"},"potentialAction":[{"@type":"SearchAction","target":{"@type":"EntryPoint","urlTemplate":"https:\/\/www.bodegasgranbazan.com\/?s={search_term_string}"},"query-input":{"@type":"PropertyValueSpecification","valueRequired":true,"valueName":"search_term_string"}}],"inLanguage":"en-GB"},{"@type":"Organization","@id":"https:\/\/www.bodegasgranbazan.com\/#organization","name":"Granbaz\u00e1n Winery","url":"https:\/\/www.bodegasgranbazan.com\/","logo":{"@type":"ImageObject","inLanguage":"en-GB","@id":"https:\/\/www.bodegasgranbazan.com\/#\/schema\/logo\/image\/","url":"https:\/\/www.bodegasgranbazan.com\/web26\/wp-content\/uploads\/2026\/01\/granbazan-logo-def.webp","contentUrl":"https:\/\/www.bodegasgranbazan.com\/web26\/wp-content\/uploads\/2026\/01\/granbazan-logo-def.webp","width":500,"height":264,"caption":"Bodegas Granbaz\u00e1n"},"image":{"@id":"https:\/\/www.bodegasgranbazan.com\/#\/schema\/logo\/image\/"}},{"@type":"Person","@id":"https:\/\/www.bodegasgranbazan.com\/#\/schema\/person\/97933cc939af6c2ab105f04fa04baf82","name":"mdecomunicacion","image":{"@type":"ImageObject","inLanguage":"en-GB","@id":"https:\/\/secure.gravatar.com\/avatar\/66949bf9de56bfbec1700a5ea49e164097d3fe494d34a17f01cb80ec9566a0ea?s=96&d=mm&r=g","url":"https:\/\/secure.gravatar.com\/avatar\/66949bf9de56bfbec1700a5ea49e164097d3fe494d34a17f01cb80ec9566a0ea?s=96&d=mm&r=g","contentUrl":"https:\/\/secure.gravatar.com\/avatar\/66949bf9de56bfbec1700a5ea49e164097d3fe494d34a17f01cb80ec9566a0ea?s=96&d=mm&r=g","caption":"mdecomunicacion"},"url":"https:\/\/www.bodegasgranbazan.com\/en\/author\/4abb42feb80256ea\/"}]}},"_links":{"self":[{"href":"https:\/\/www.bodegasgranbazan.com\/en\/wp-json\/wp\/v2\/posts\/8142","targetHints":{"allow":["GET"]}}],"collection":[{"href":"https:\/\/www.bodegasgranbazan.com\/en\/wp-json\/wp\/v2\/posts"}],"about":[{"href":"https:\/\/www.bodegasgranbazan.com\/en\/wp-json\/wp\/v2\/types\/post"}],"author":[{"embeddable":true,"href":"https:\/\/www.bodegasgranbazan.com\/en\/wp-json\/wp\/v2\/users\/2"}],"replies":[{"embeddable":true,"href":"https:\/\/www.bodegasgranbazan.com\/en\/wp-json\/wp\/v2\/comments?post=8142"}],"version-history":[{"count":0,"href":"https:\/\/www.bodegasgranbazan.com\/en\/wp-json\/wp\/v2\/posts\/8142\/revisions"}],"wp:featuredmedia":[{"embeddable":true,"href":"https:\/\/www.bodegasgranbazan.com\/en\/wp-json\/wp\/v2\/media\/8439"}],"wp:attachment":[{"href":"https:\/\/www.bodegasgranbazan.com\/en\/wp-json\/wp\/v2\/media?parent=8142"}],"wp:term":[{"taxonomy":"category","embeddable":true,"href":"https:\/\/www.bodegasgranbazan.com\/en\/wp-json\/wp\/v2\/categories?post=8142"},{"taxonomy":"post_tag","embeddable":true,"href":"https:\/\/www.bodegasgranbazan.com\/en\/wp-json\/wp\/v2\/tags?post=8142"}],"curies":[{"name":"wp","href":"https:\/\/api.w.org\/{rel}","templated":true}]}}