{"id":9730,"date":"2020-07-06T16:46:16","date_gmt":"2020-07-06T14:46:16","guid":{"rendered":"https:\/\/www.bodegasgranbazan.com\/?p=9730"},"modified":"2020-07-06T16:46:16","modified_gmt":"2020-07-06T14:46:16","slug":"albarino-granbazan-etiqueta-verde-baco-harvest-awards-2019","status":"publish","type":"post","link":"https:\/\/www.bodegasgranbazan.com\/en\/albarino-granbazan-etiqueta-verde-baco-harvest-awards-2019\/","title":{"rendered":"Albari\u00f1o GRANBAZ\u00c1N Etiqueta Verde receives The Golden BACO in its harvest 2019"},"content":{"rendered":"<p>On June 29th 2020, the winning wines of the <strong>BACO Harvest Awards 2019<\/strong> were proclaimed, and we received the pleasant news that our <strong>Albari\u00f1o Granbaz\u00e1n Etiqueta Verde<\/strong> had been awarded the Golden Baco Award. And how could it be from another shape, we wanted to share this great news with you.<\/p>\n<p>The BACO awards organized by the <strong>Spanish Wine Tasting Union<\/strong>, represent a great boost for young wines and one of the most important events in the wine sector at the national level.<\/p>\n<p>The awarded wines were evaluated in strict blind tastings from June 23rd to 26th 2020, by a jury of 50 judges, belonging to the Spanish Wine Tasting Union.<\/p>\n<p>Of our award-winning wine, we want to highlight that it is a classic Albari\u00f1o, with a marked Atlantic car\u00e1cter, and that it is made with the best cold-macerated musts with soft pressing of Albari\u00f1o grapes.<\/p>\n<p>If you want to know more about GRANBAZAN Etiqueta Verde (D.O. R\u00edas Baixas) discover his tasting note by clicking <a href=\"https:\/\/www.bodegasgranbazan.com\/en\/web26\/granbazan-etiqueta-verde\/\" rel=\"noopener noreferrer\" target=\"_blank\">here<\/a>.<\/p>\n<p>You can also buy it in our <a href=\"https:\/\/www.bodegasgranbazan.com\/en\/web26\/tienda-granbazan\/\" rel=\"noopener noreferrer\" target=\"_blank\">online shop<\/a>, or if you prefer, come to our shop and discover our winery in the Saln\u00e9s Valley, located in Vilanova de Arousa (R\u00edas Baixas, Pontevedra).<\/p>\n<p>Finally, we want to remind you that we have already taken all the health and higiene measures to be able to attend you and offer you a safe service, and <a href=\"https:\/\/www.bodegasgranbazan.com\/en\/web26\/contact\/\" rel=\"noopener noreferrer\" target=\"_blank\">our appointment service is now available<\/a>.<\/p>","protected":false},"excerpt":{"rendered":"<p>On June 29th 2020, the winning wines of the BACO Harvest Awards 2019 were proclaimed, and we received the pleasant news that our Albari\u00f1o Granbaz\u00e1n Etiqueta Verde had been awarded the Golden Baco Award. And how could it be from another shape, we wanted to share this great news with you. The BACO awards organized [&hellip;]<\/p>\n","protected":false},"author":2,"featured_media":9738,"comment_status":"open","ping_status":"open","sticky":false,"template":"","format":"standard","meta":{"_acf_changed":false,"footnotes":""},"categories":[100],"tags":[],"class_list":["post-9730","post","type-post","status-publish","format-standard","has-post-thumbnail","hentry","category-news"],"acf":[],"yoast_head":"<!-- This site is optimized with the Yoast SEO plugin v27.5 - https:\/\/yoast.com\/product\/yoast-seo-wordpress\/ -->\n<title>Albari\u00f1o GRANBAZ\u00c1N Etiqueta Verde receives The Golden BACO<\/title>\n<meta name=\"description\" content=\"Our Albari\u00f1o GRANBAZ\u00c1N Etiqueta Verde has been awarded at the BACO Harvest Awards 2019 with a Golden Baco Award.\" \/>\n<meta name=\"robots\" content=\"index, follow, max-snippet:-1, max-image-preview:large, max-video-preview:-1\" \/>\n<link rel=\"canonical\" href=\"https:\/\/www.bodegasgranbazan.com\/en\/albarino-granbazan-etiqueta-verde-baco-harvest-awards-2019\/\" \/>\n<meta property=\"og:locale\" content=\"en_GB\" \/>\n<meta property=\"og:type\" content=\"article\" \/>\n<meta property=\"og:title\" content=\"Albari\u00f1o GRANBAZ\u00c1N Etiqueta Verde receives The Golden BACO\" \/>\n<meta property=\"og:description\" content=\"Our Albari\u00f1o GRANBAZ\u00c1N Etiqueta Verde has been awarded at the BACO Harvest Awards 2019 with a Golden Baco Award.\" \/>\n<meta property=\"og:url\" content=\"https:\/\/www.bodegasgranbazan.com\/en\/albarino-granbazan-etiqueta-verde-baco-harvest-awards-2019\/\" \/>\n<meta property=\"og:site_name\" content=\"Granbaz\u00e1n - Bodegas GRANBAZ\u00c1N\" \/>\n<meta property=\"article:published_time\" content=\"2020-07-06T14:46:16+00:00\" \/>\n<meta property=\"og:image\" content=\"https:\/\/www.bodegasgranbazan.com\/web26\/wp-content\/uploads\/2020\/07\/baco_harvest_awards_2019_granbazan.jpg\" \/>\n\t<meta property=\"og:image:width\" content=\"1600\" \/>\n\t<meta property=\"og:image:height\" content=\"1600\" \/>\n\t<meta property=\"og:image:type\" content=\"image\/jpeg\" \/>\n<meta name=\"author\" content=\"mdecomunicacion\" \/>\n<meta name=\"twitter:card\" content=\"summary_large_image\" \/>\n<meta name=\"twitter:label1\" content=\"Written by\" \/>\n\t<meta name=\"twitter:data1\" content=\"mdecomunicacion\" \/>\n\t<meta name=\"twitter:label2\" content=\"Estimated reading time\" \/>\n\t<meta name=\"twitter:data2\" content=\"1 minute\" \/>\n<script type=\"application\/ld+json\" class=\"yoast-schema-graph\">{\"@context\":\"https:\\\/\\\/schema.org\",\"@graph\":[{\"@type\":\"Article\",\"@id\":\"https:\\\/\\\/www.bodegasgranbazan.com\\\/albarino-granbazan-etiqueta-verde-baco-harvest-awards-2019\\\/#article\",\"isPartOf\":{\"@id\":\"https:\\\/\\\/www.bodegasgranbazan.com\\\/albarino-granbazan-etiqueta-verde-baco-harvest-awards-2019\\\/\"},\"author\":{\"name\":\"mdecomunicacion\",\"@id\":\"https:\\\/\\\/www.bodegasgranbazan.com\\\/#\\\/schema\\\/person\\\/97933cc939af6c2ab105f04fa04baf82\"},\"headline\":\"Albari\u00f1o GRANBAZ\u00c1N Etiqueta Verde receives The Golden BACO in its harvest 2019\",\"datePublished\":\"2020-07-06T14:46:16+00:00\",\"mainEntityOfPage\":{\"@id\":\"https:\\\/\\\/www.bodegasgranbazan.com\\\/albarino-granbazan-etiqueta-verde-baco-harvest-awards-2019\\\/\"},\"wordCount\":253,\"commentCount\":0,\"publisher\":{\"@id\":\"https:\\\/\\\/www.bodegasgranbazan.com\\\/#organization\"},\"image\":{\"@id\":\"https:\\\/\\\/www.bodegasgranbazan.com\\\/albarino-granbazan-etiqueta-verde-baco-harvest-awards-2019\\\/#primaryimage\"},\"thumbnailUrl\":\"https:\\\/\\\/www.bodegasgranbazan.com\\\/web26\\\/wp-content\\\/uploads\\\/2020\\\/07\\\/baco_harvest_awards_2019_granbazan.jpg\",\"articleSection\":[\"News\"],\"inLanguage\":\"en-GB\",\"potentialAction\":[{\"@type\":\"CommentAction\",\"name\":\"Comment\",\"target\":[\"https:\\\/\\\/www.bodegasgranbazan.com\\\/albarino-granbazan-etiqueta-verde-baco-harvest-awards-2019\\\/#respond\"]}]},{\"@type\":\"WebPage\",\"@id\":\"https:\\\/\\\/www.bodegasgranbazan.com\\\/albarino-granbazan-etiqueta-verde-baco-harvest-awards-2019\\\/\",\"url\":\"https:\\\/\\\/www.bodegasgranbazan.com\\\/albarino-granbazan-etiqueta-verde-baco-harvest-awards-2019\\\/\",\"name\":\"Albari\u00f1o GRANBAZ\u00c1N Etiqueta Verde receives The Golden BACO\",\"isPartOf\":{\"@id\":\"https:\\\/\\\/www.bodegasgranbazan.com\\\/#website\"},\"primaryImageOfPage\":{\"@id\":\"https:\\\/\\\/www.bodegasgranbazan.com\\\/albarino-granbazan-etiqueta-verde-baco-harvest-awards-2019\\\/#primaryimage\"},\"image\":{\"@id\":\"https:\\\/\\\/www.bodegasgranbazan.com\\\/albarino-granbazan-etiqueta-verde-baco-harvest-awards-2019\\\/#primaryimage\"},\"thumbnailUrl\":\"https:\\\/\\\/www.bodegasgranbazan.com\\\/web26\\\/wp-content\\\/uploads\\\/2020\\\/07\\\/baco_harvest_awards_2019_granbazan.jpg\",\"datePublished\":\"2020-07-06T14:46:16+00:00\",\"description\":\"Our Albari\u00f1o GRANBAZ\u00c1N Etiqueta Verde has been awarded at the BACO Harvest Awards 2019 with a Golden Baco Award.\",\"breadcrumb\":{\"@id\":\"https:\\\/\\\/www.bodegasgranbazan.com\\\/albarino-granbazan-etiqueta-verde-baco-harvest-awards-2019\\\/#breadcrumb\"},\"inLanguage\":\"en-GB\",\"potentialAction\":[{\"@type\":\"ReadAction\",\"target\":[\"https:\\\/\\\/www.bodegasgranbazan.com\\\/albarino-granbazan-etiqueta-verde-baco-harvest-awards-2019\\\/\"]}]},{\"@type\":\"ImageObject\",\"inLanguage\":\"en-GB\",\"@id\":\"https:\\\/\\\/www.bodegasgranbazan.com\\\/albarino-granbazan-etiqueta-verde-baco-harvest-awards-2019\\\/#primaryimage\",\"url\":\"https:\\\/\\\/www.bodegasgranbazan.com\\\/web26\\\/wp-content\\\/uploads\\\/2020\\\/07\\\/baco_harvest_awards_2019_granbazan.jpg\",\"contentUrl\":\"https:\\\/\\\/www.bodegasgranbazan.com\\\/web26\\\/wp-content\\\/uploads\\\/2020\\\/07\\\/baco_harvest_awards_2019_granbazan.jpg\",\"width\":1600,\"height\":1600,\"caption\":\"BACO Harvest Awards 2019\"},{\"@type\":\"BreadcrumbList\",\"@id\":\"https:\\\/\\\/www.bodegasgranbazan.com\\\/albarino-granbazan-etiqueta-verde-baco-harvest-awards-2019\\\/#breadcrumb\",\"itemListElement\":[{\"@type\":\"ListItem\",\"position\":1,\"name\":\"Portada\",\"item\":\"https:\\\/\\\/www.bodegasgranbazan.com\\\/\"},{\"@type\":\"ListItem\",\"position\":2,\"name\":\"Albari\u00f1o GRANBAZ\u00c1N Etiqueta Verde receives The Golden BACO in its harvest 2019\"}]},{\"@type\":\"WebSite\",\"@id\":\"https:\\\/\\\/www.bodegasgranbazan.com\\\/#website\",\"url\":\"https:\\\/\\\/www.bodegasgranbazan.com\\\/\",\"name\":\"Bodegas Granbaz\u00e1n\",\"description\":\"Ubicada en el Valle del Saln\u00e9s, en el coraz\u00f3n de las R\u00edas Baixas.\",\"publisher\":{\"@id\":\"https:\\\/\\\/www.bodegasgranbazan.com\\\/#organization\"},\"potentialAction\":[{\"@type\":\"SearchAction\",\"target\":{\"@type\":\"EntryPoint\",\"urlTemplate\":\"https:\\\/\\\/www.bodegasgranbazan.com\\\/?s={search_term_string}\"},\"query-input\":{\"@type\":\"PropertyValueSpecification\",\"valueRequired\":true,\"valueName\":\"search_term_string\"}}],\"inLanguage\":\"en-GB\"},{\"@type\":\"Organization\",\"@id\":\"https:\\\/\\\/www.bodegasgranbazan.com\\\/#organization\",\"name\":\"Bodegas Granbaz\u00e1n\",\"url\":\"https:\\\/\\\/www.bodegasgranbazan.com\\\/\",\"logo\":{\"@type\":\"ImageObject\",\"inLanguage\":\"en-GB\",\"@id\":\"https:\\\/\\\/www.bodegasgranbazan.com\\\/#\\\/schema\\\/logo\\\/image\\\/\",\"url\":\"https:\\\/\\\/www.bodegasgranbazan.com\\\/web26\\\/wp-content\\\/uploads\\\/2026\\\/01\\\/granbazan-logo-def.webp\",\"contentUrl\":\"https:\\\/\\\/www.bodegasgranbazan.com\\\/web26\\\/wp-content\\\/uploads\\\/2026\\\/01\\\/granbazan-logo-def.webp\",\"width\":500,\"height\":264,\"caption\":\"Bodegas Granbaz\u00e1n\"},\"image\":{\"@id\":\"https:\\\/\\\/www.bodegasgranbazan.com\\\/#\\\/schema\\\/logo\\\/image\\\/\"}},{\"@type\":\"Person\",\"@id\":\"https:\\\/\\\/www.bodegasgranbazan.com\\\/#\\\/schema\\\/person\\\/97933cc939af6c2ab105f04fa04baf82\",\"name\":\"mdecomunicacion\",\"image\":{\"@type\":\"ImageObject\",\"inLanguage\":\"en-GB\",\"@id\":\"https:\\\/\\\/secure.gravatar.com\\\/avatar\\\/66949bf9de56bfbec1700a5ea49e164097d3fe494d34a17f01cb80ec9566a0ea?s=96&d=mm&r=g\",\"url\":\"https:\\\/\\\/secure.gravatar.com\\\/avatar\\\/66949bf9de56bfbec1700a5ea49e164097d3fe494d34a17f01cb80ec9566a0ea?s=96&d=mm&r=g\",\"contentUrl\":\"https:\\\/\\\/secure.gravatar.com\\\/avatar\\\/66949bf9de56bfbec1700a5ea49e164097d3fe494d34a17f01cb80ec9566a0ea?s=96&d=mm&r=g\",\"caption\":\"mdecomunicacion\"},\"url\":\"https:\\\/\\\/www.bodegasgranbazan.com\\\/en\\\/author\\\/4abb42feb80256ea\\\/\"}]}<\/script>\n<!-- \/ Yoast SEO plugin. -->","yoast_head_json":{"title":"Albari\u00f1o GRANBAZ\u00c1N Etiqueta Verde receives The Golden BACO","description":"Our Albari\u00f1o GRANBAZ\u00c1N Etiqueta Verde has been awarded at the BACO Harvest Awards 2019 with a Golden Baco Award.","robots":{"index":"index","follow":"follow","max-snippet":"max-snippet:-1","max-image-preview":"max-image-preview:large","max-video-preview":"max-video-preview:-1"},"canonical":"https:\/\/www.bodegasgranbazan.com\/en\/albarino-granbazan-etiqueta-verde-baco-harvest-awards-2019\/","og_locale":"en_GB","og_type":"article","og_title":"Albari\u00f1o GRANBAZ\u00c1N Etiqueta Verde receives The Golden BACO","og_description":"Our Albari\u00f1o GRANBAZ\u00c1N Etiqueta Verde has been awarded at the BACO Harvest Awards 2019 with a Golden Baco Award.","og_url":"https:\/\/www.bodegasgranbazan.com\/en\/albarino-granbazan-etiqueta-verde-baco-harvest-awards-2019\/","og_site_name":"Granbaz\u00e1n - Bodegas GRANBAZ\u00c1N","article_published_time":"2020-07-06T14:46:16+00:00","og_image":[{"width":1600,"height":1600,"url":"https:\/\/www.bodegasgranbazan.com\/web26\/wp-content\/uploads\/2020\/07\/baco_harvest_awards_2019_granbazan.jpg","type":"image\/jpeg"}],"author":"mdecomunicacion","twitter_card":"summary_large_image","twitter_misc":{"Written by":"mdecomunicacion","Estimated reading time":"1 minute"},"schema":{"@context":"https:\/\/schema.org","@graph":[{"@type":"Article","@id":"https:\/\/www.bodegasgranbazan.com\/albarino-granbazan-etiqueta-verde-baco-harvest-awards-2019\/#article","isPartOf":{"@id":"https:\/\/www.bodegasgranbazan.com\/albarino-granbazan-etiqueta-verde-baco-harvest-awards-2019\/"},"author":{"name":"mdecomunicacion","@id":"https:\/\/www.bodegasgranbazan.com\/#\/schema\/person\/97933cc939af6c2ab105f04fa04baf82"},"headline":"Albari\u00f1o GRANBAZ\u00c1N Etiqueta Verde receives The Golden BACO in its harvest 2019","datePublished":"2020-07-06T14:46:16+00:00","mainEntityOfPage":{"@id":"https:\/\/www.bodegasgranbazan.com\/albarino-granbazan-etiqueta-verde-baco-harvest-awards-2019\/"},"wordCount":253,"commentCount":0,"publisher":{"@id":"https:\/\/www.bodegasgranbazan.com\/#organization"},"image":{"@id":"https:\/\/www.bodegasgranbazan.com\/albarino-granbazan-etiqueta-verde-baco-harvest-awards-2019\/#primaryimage"},"thumbnailUrl":"https:\/\/www.bodegasgranbazan.com\/web26\/wp-content\/uploads\/2020\/07\/baco_harvest_awards_2019_granbazan.jpg","articleSection":["News"],"inLanguage":"en-GB","potentialAction":[{"@type":"CommentAction","name":"Comment","target":["https:\/\/www.bodegasgranbazan.com\/albarino-granbazan-etiqueta-verde-baco-harvest-awards-2019\/#respond"]}]},{"@type":"WebPage","@id":"https:\/\/www.bodegasgranbazan.com\/albarino-granbazan-etiqueta-verde-baco-harvest-awards-2019\/","url":"https:\/\/www.bodegasgranbazan.com\/albarino-granbazan-etiqueta-verde-baco-harvest-awards-2019\/","name":"Albari\u00f1o GRANBAZ\u00c1N Etiqueta Verde receives The Golden BACO","isPartOf":{"@id":"https:\/\/www.bodegasgranbazan.com\/#website"},"primaryImageOfPage":{"@id":"https:\/\/www.bodegasgranbazan.com\/albarino-granbazan-etiqueta-verde-baco-harvest-awards-2019\/#primaryimage"},"image":{"@id":"https:\/\/www.bodegasgranbazan.com\/albarino-granbazan-etiqueta-verde-baco-harvest-awards-2019\/#primaryimage"},"thumbnailUrl":"https:\/\/www.bodegasgranbazan.com\/web26\/wp-content\/uploads\/2020\/07\/baco_harvest_awards_2019_granbazan.jpg","datePublished":"2020-07-06T14:46:16+00:00","description":"Our Albari\u00f1o GRANBAZ\u00c1N Etiqueta Verde has been awarded at the BACO Harvest Awards 2019 with a Golden Baco Award.","breadcrumb":{"@id":"https:\/\/www.bodegasgranbazan.com\/albarino-granbazan-etiqueta-verde-baco-harvest-awards-2019\/#breadcrumb"},"inLanguage":"en-GB","potentialAction":[{"@type":"ReadAction","target":["https:\/\/www.bodegasgranbazan.com\/albarino-granbazan-etiqueta-verde-baco-harvest-awards-2019\/"]}]},{"@type":"ImageObject","inLanguage":"en-GB","@id":"https:\/\/www.bodegasgranbazan.com\/albarino-granbazan-etiqueta-verde-baco-harvest-awards-2019\/#primaryimage","url":"https:\/\/www.bodegasgranbazan.com\/web26\/wp-content\/uploads\/2020\/07\/baco_harvest_awards_2019_granbazan.jpg","contentUrl":"https:\/\/www.bodegasgranbazan.com\/web26\/wp-content\/uploads\/2020\/07\/baco_harvest_awards_2019_granbazan.jpg","width":1600,"height":1600,"caption":"BACO Harvest Awards 2019"},{"@type":"BreadcrumbList","@id":"https:\/\/www.bodegasgranbazan.com\/albarino-granbazan-etiqueta-verde-baco-harvest-awards-2019\/#breadcrumb","itemListElement":[{"@type":"ListItem","position":1,"name":"Portada","item":"https:\/\/www.bodegasgranbazan.com\/"},{"@type":"ListItem","position":2,"name":"Albari\u00f1o GRANBAZ\u00c1N Etiqueta Verde receives The Golden BACO in its harvest 2019"}]},{"@type":"WebSite","@id":"https:\/\/www.bodegasgranbazan.com\/#website","url":"https:\/\/www.bodegasgranbazan.com\/","name":"Granbaz\u00e1n Winery","description":"Located in the Saln\u00e9s Valley, in the heart of the R\u00edas Baixas.","publisher":{"@id":"https:\/\/www.bodegasgranbazan.com\/#organization"},"potentialAction":[{"@type":"SearchAction","target":{"@type":"EntryPoint","urlTemplate":"https:\/\/www.bodegasgranbazan.com\/?s={search_term_string}"},"query-input":{"@type":"PropertyValueSpecification","valueRequired":true,"valueName":"search_term_string"}}],"inLanguage":"en-GB"},{"@type":"Organization","@id":"https:\/\/www.bodegasgranbazan.com\/#organization","name":"Granbaz\u00e1n Winery","url":"https:\/\/www.bodegasgranbazan.com\/","logo":{"@type":"ImageObject","inLanguage":"en-GB","@id":"https:\/\/www.bodegasgranbazan.com\/#\/schema\/logo\/image\/","url":"https:\/\/www.bodegasgranbazan.com\/web26\/wp-content\/uploads\/2026\/01\/granbazan-logo-def.webp","contentUrl":"https:\/\/www.bodegasgranbazan.com\/web26\/wp-content\/uploads\/2026\/01\/granbazan-logo-def.webp","width":500,"height":264,"caption":"Bodegas Granbaz\u00e1n"},"image":{"@id":"https:\/\/www.bodegasgranbazan.com\/#\/schema\/logo\/image\/"}},{"@type":"Person","@id":"https:\/\/www.bodegasgranbazan.com\/#\/schema\/person\/97933cc939af6c2ab105f04fa04baf82","name":"mdecomunicacion","image":{"@type":"ImageObject","inLanguage":"en-GB","@id":"https:\/\/secure.gravatar.com\/avatar\/66949bf9de56bfbec1700a5ea49e164097d3fe494d34a17f01cb80ec9566a0ea?s=96&d=mm&r=g","url":"https:\/\/secure.gravatar.com\/avatar\/66949bf9de56bfbec1700a5ea49e164097d3fe494d34a17f01cb80ec9566a0ea?s=96&d=mm&r=g","contentUrl":"https:\/\/secure.gravatar.com\/avatar\/66949bf9de56bfbec1700a5ea49e164097d3fe494d34a17f01cb80ec9566a0ea?s=96&d=mm&r=g","caption":"mdecomunicacion"},"url":"https:\/\/www.bodegasgranbazan.com\/en\/author\/4abb42feb80256ea\/"}]}},"_links":{"self":[{"href":"https:\/\/www.bodegasgranbazan.com\/en\/wp-json\/wp\/v2\/posts\/9730","targetHints":{"allow":["GET"]}}],"collection":[{"href":"https:\/\/www.bodegasgranbazan.com\/en\/wp-json\/wp\/v2\/posts"}],"about":[{"href":"https:\/\/www.bodegasgranbazan.com\/en\/wp-json\/wp\/v2\/types\/post"}],"author":[{"embeddable":true,"href":"https:\/\/www.bodegasgranbazan.com\/en\/wp-json\/wp\/v2\/users\/2"}],"replies":[{"embeddable":true,"href":"https:\/\/www.bodegasgranbazan.com\/en\/wp-json\/wp\/v2\/comments?post=9730"}],"version-history":[{"count":0,"href":"https:\/\/www.bodegasgranbazan.com\/en\/wp-json\/wp\/v2\/posts\/9730\/revisions"}],"wp:featuredmedia":[{"embeddable":true,"href":"https:\/\/www.bodegasgranbazan.com\/en\/wp-json\/wp\/v2\/media\/9738"}],"wp:attachment":[{"href":"https:\/\/www.bodegasgranbazan.com\/en\/wp-json\/wp\/v2\/media?parent=9730"}],"wp:term":[{"taxonomy":"category","embeddable":true,"href":"https:\/\/www.bodegasgranbazan.com\/en\/wp-json\/wp\/v2\/categories?post=9730"},{"taxonomy":"post_tag","embeddable":true,"href":"https:\/\/www.bodegasgranbazan.com\/en\/wp-json\/wp\/v2\/tags?post=9730"}],"curies":[{"name":"wp","href":"https:\/\/api.w.org\/{rel}","templated":true}]}}