{"id":10118,"date":"2020-10-15T10:33:44","date_gmt":"2020-10-15T08:33:44","guid":{"rendered":"https:\/\/www.bodegasgranbazan.com\/?p=10118"},"modified":"2020-10-15T10:33:44","modified_gmt":"2020-10-15T08:33:44","slug":"resultado-de-la-vendimia-2020-en-bodegas-granbazan","status":"publish","type":"post","link":"https:\/\/www.bodegasgranbazan.com\/resultado-de-la-vendimia-2020-en-bodegas-granbazan\/","title":{"rendered":"Resultado de la vendimia 2020 en Bodegas GRANBAZ\u00c1N"},"content":{"rendered":"<p>Tras la recogida de la uva en Bodegas GRANBAZ\u00c1N, os informamos del resultado y estado del vi\u00f1edo.<\/p>\n<p>Con 10 d\u00edas de antelaci\u00f3n respecto a la campa\u00f1a anterior, el d\u00eda 4 de septiembre, comenz\u00f3 la vendimia 2020 en Bodegas Granbaz\u00e1n.<\/p>\n<p>Los \u00faltimos d\u00edas de agosto, c\u00e1lidos y secos, ayudaron a mantener a raya la proliferaci\u00f3n de enfermedades fungosas, que, debido a las abundantes lluvias de mediados de mes, tuvieron las perfectas condiciones para desarrollarse.<\/p>\n<p>Un invierno lluvioso y un mes de marzo con bajas temperaturas fue el escenario de la temprana y heterog\u00e9nea brotaci\u00f3n de esta temporada.<\/p>\n<p>El desarrollo de las vides continu\u00f3 lentamente sin afectarse por la amenaza de heladas a comienzos de abril.<\/p>\n<p>Las inclemencias del clima gallego afortunadamente cesaron durante el periodo de floraci\u00f3n para darnos una c\u00e1lida ventana de dos semanas hacia finales del mes de mayo.<\/p>\n<p>Sin embargo, el retorno de abundantes precipitaciones y el aumento de las temperaturas favorecieron un fuerte ataque del hongo Mildi\u00fa, afectando tanto a follaje como a los peque\u00f1os racimos.<\/p>\n<p>Los c\u00e1lidos y secos d\u00edas del verano reci\u00e9n pasado, ponen en evidencia las condiciones extremas que impone el clima atl\u00e1ntico en el valle, con medias m\u00e1ximas de 27,2 \u00baC en el mes de Julio, manteni\u00e9ndose hasta la segunda semana de agosto.<\/p>\n<p>Las \u00faltimas semanas antes de vendimia, posteriores a las lluvias de agosto, se presentaron secas y calurosas, muy similares a las del 2019, con presencia de fuertes vientos del norte, deshidratando las bayas y concentrando tanto az\u00facar como acidez.<\/p>\n<p>Se dio inicio a la cosecha, con un alcohol potencial promedio de 12,7\u00ba y acidez total tart\u00e1rica entre 8 y 9 g\/l. superior a las de la cosecha 2019.<\/p>\n<p>Afortunadamente las nubes cargadas de lluvia pasaron por el valle del Saln\u00e9s justo terminada la recogida de uva.<\/p>\n<p>Los j\u00f3venes vinos y los mostos que a\u00fan contin\u00faan en fermentaci\u00f3n ya muestran su tensi\u00f3n y frescor caracter\u00edstico y gran expresi\u00f3n en nariz.<\/p>\n<p style=\"text-align: center;\"><iframe id=\"ytplayer\" src=\"https:\/\/www.youtube.com\/embed?rel=0&amp;playlist=v4ej-ZkkNUE&amp;loop=1&#038;ampcontrols=3&amp;origin=bodegasgranbazan.com&amp;modestbranding=1&amp;showinfo=0\" width=\"640\" height=\"360\" frameborder=\"0\"><span style=\"display: inline-block; width: 0px; overflow: hidden; line-height: 0;\" data-mce-type=\"bookmark\" class=\"mce_SELRES_start\">\ufeff<\/span><span style=\"display: inline-block; width: 0px; overflow: hidden; line-height: 0;\" data-mce-type=\"bookmark\" class=\"mce_SELRES_start\">\ufeff<\/span><span style=\"display: inline-block; width: 0px; overflow: hidden; line-height: 0;\" data-mce-type=\"bookmark\" class=\"mce_SELRES_start\">\ufeff<\/span><span style=\"display: inline-block; width: 0px; overflow: hidden; line-height: 0;\" data-mce-type=\"bookmark\" class=\"mce_SELRES_start\">\ufeff<\/span><span style=\"display: inline-block; width: 0px; overflow: hidden; line-height: 0;\" data-mce-type=\"bookmark\" class=\"mce_SELRES_start\">\ufeff<\/span><br \/>\n<\/iframe><\/p>\n<p>Si tras conocer el resultado de nuestra vendimia 2020, quieres seguir conociendo la historia y propiedades de nuestros vinos Albari\u00f1os GRANBAZ\u00c1N con D.O. R\u00edas Baixas, te animamos a descubrir sus notas de cata:<\/p>\n<p>\u2022 <a href=\"https:\/\/www.bodegasgranbazan.com\/web26\/albarino-contrapunto\/\" target=\"_blank\" rel=\"noopener noreferrer\">Granbaz\u00e1n Contrapunto<\/a><br \/>\n\u2022 <a href=\"https:\/\/www.bodegasgranbazan.com\/web26\/granbazan-etiqueta-verde\/\" target=\"_blank\" rel=\"noopener noreferrer\">Granbaz\u00e1n Etiqueta Verde<\/a><br \/>\n\u2022 <a href=\"https:\/\/www.bodegasgranbazan.com\/web26\/granbazan-etiqueta-ambar\/\" target=\"_blank\" rel=\"noopener noreferrer\">Granbaz\u00e1n Etiqueta \u00c1mbar<\/a><br \/>\n\u2022 <a href=\"https:\/\/www.bodegasgranbazan.com\/web26\/granbazan-limousin\/\" target=\"_blank\" rel=\"noopener noreferrer\">Granbaz\u00e1n Limousin<\/a><br \/>\n\u2022 <a href=\"https:\/\/www.bodegasgranbazan.com\/web26\/granbazan-d-alvaro-de-bazan\/\" target=\"_blank\" rel=\"noopener noreferrer\">Granbaz\u00e1n Don \u00c1lvaro de Baz\u00e1n<\/a><\/p>\n","protected":false},"excerpt":{"rendered":"<p>Tras la recogida de la uva en Bodegas GRANBAZ\u00c1N, os informamos del resultado y estado del vi\u00f1edo. Con 10 d\u00edas de antelaci\u00f3n respecto a la campa\u00f1a anterior, el d\u00eda 4 de septiembre, comenz\u00f3 la vendimia 2020 en Bodegas Granbaz\u00e1n. Los \u00faltimos d\u00edas de agosto, c\u00e1lidos y secos, ayudaron a mantener a raya la proliferaci\u00f3n de [&hellip;]<\/p>\n","protected":false},"author":2,"featured_media":10128,"comment_status":"open","ping_status":"open","sticky":false,"template":"","format":"standard","meta":{"_acf_changed":false,"footnotes":""},"categories":[39],"tags":[51,120,125,45],"class_list":["post-10118","post","type-post","status-publish","format-standard","has-post-thumbnail","hentry","category-noticias","tag-albarino","tag-bodegas-granbazan-2","tag-vendimia","tag-vino"],"acf":[],"yoast_head":"<!-- This site is optimized with the Yoast SEO plugin v27.4 - https:\/\/yoast.com\/product\/yoast-seo-wordpress\/ -->\n<title>Resultado de la vendimia 2020 en Bodegas GRANBAZ\u00c1N - Granbaz\u00e1n - Bodegas GRANBAZ\u00c1N<\/title>\n<meta name=\"robots\" content=\"index, follow, max-snippet:-1, max-image-preview:large, max-video-preview:-1\" \/>\n<link rel=\"canonical\" href=\"https:\/\/www.bodegasgranbazan.com\/resultado-de-la-vendimia-2020-en-bodegas-granbazan\/\" \/>\n<meta property=\"og:locale\" content=\"es_ES\" \/>\n<meta property=\"og:type\" content=\"article\" \/>\n<meta property=\"og:title\" content=\"Resultado de la vendimia 2020 en Bodegas GRANBAZ\u00c1N - Granbaz\u00e1n - Bodegas GRANBAZ\u00c1N\" \/>\n<meta property=\"og:description\" content=\"Tras la recogida de la uva en Bodegas GRANBAZ\u00c1N, os informamos del resultado y estado del vi\u00f1edo. Con 10 d\u00edas de antelaci\u00f3n respecto a la campa\u00f1a anterior, el d\u00eda 4 de septiembre, comenz\u00f3 la vendimia 2020 en Bodegas Granbaz\u00e1n. Los \u00faltimos d\u00edas de agosto, c\u00e1lidos y secos, ayudaron a mantener a raya la proliferaci\u00f3n de [&hellip;]\" \/>\n<meta property=\"og:url\" content=\"https:\/\/www.bodegasgranbazan.com\/resultado-de-la-vendimia-2020-en-bodegas-granbazan\/\" \/>\n<meta property=\"og:site_name\" content=\"Granbaz\u00e1n - Bodegas GRANBAZ\u00c1N\" \/>\n<meta property=\"article:published_time\" content=\"2020-10-15T08:33:44+00:00\" \/>\n<meta property=\"og:image\" content=\"https:\/\/www.bodegasgranbazan.com\/web26\/wp-content\/uploads\/2020\/10\/vendimia_2020_bodegas_granbazan_min-2.jpg\" \/>\n\t<meta property=\"og:image:width\" content=\"1080\" \/>\n\t<meta property=\"og:image:height\" content=\"1080\" \/>\n\t<meta property=\"og:image:type\" content=\"image\/jpeg\" \/>\n<meta name=\"author\" content=\"mdecomunicacion\" \/>\n<meta name=\"twitter:card\" content=\"summary_large_image\" \/>\n<meta name=\"twitter:label1\" content=\"Escrito por\" \/>\n\t<meta name=\"twitter:data1\" content=\"mdecomunicacion\" \/>\n\t<meta name=\"twitter:label2\" content=\"Tiempo de lectura\" \/>\n\t<meta name=\"twitter:data2\" content=\"2 minutos\" \/>\n<script type=\"application\/ld+json\" class=\"yoast-schema-graph\">{\"@context\":\"https:\\\/\\\/schema.org\",\"@graph\":[{\"@type\":\"Article\",\"@id\":\"https:\\\/\\\/www.bodegasgranbazan.com\\\/resultado-de-la-vendimia-2020-en-bodegas-granbazan\\\/#article\",\"isPartOf\":{\"@id\":\"https:\\\/\\\/www.bodegasgranbazan.com\\\/resultado-de-la-vendimia-2020-en-bodegas-granbazan\\\/\"},\"author\":{\"name\":\"mdecomunicacion\",\"@id\":\"https:\\\/\\\/www.bodegasgranbazan.com\\\/#\\\/schema\\\/person\\\/97933cc939af6c2ab105f04fa04baf82\"},\"headline\":\"Resultado de la vendimia 2020 en Bodegas GRANBAZ\u00c1N\",\"datePublished\":\"2020-10-15T08:33:44+00:00\",\"mainEntityOfPage\":{\"@id\":\"https:\\\/\\\/www.bodegasgranbazan.com\\\/resultado-de-la-vendimia-2020-en-bodegas-granbazan\\\/\"},\"wordCount\":407,\"commentCount\":0,\"publisher\":{\"@id\":\"https:\\\/\\\/www.bodegasgranbazan.com\\\/#organization\"},\"image\":{\"@id\":\"https:\\\/\\\/www.bodegasgranbazan.com\\\/resultado-de-la-vendimia-2020-en-bodegas-granbazan\\\/#primaryimage\"},\"thumbnailUrl\":\"https:\\\/\\\/www.bodegasgranbazan.com\\\/web26\\\/wp-content\\\/uploads\\\/2020\\\/10\\\/vendimia_2020_bodegas_granbazan_min-2.jpg\",\"keywords\":[\"albari\u00f1o\",\"Bodegas Granbaz\u00e1n\",\"vendimia\",\"vino\"],\"articleSection\":[\"Noticias\"],\"inLanguage\":\"es\",\"potentialAction\":[{\"@type\":\"CommentAction\",\"name\":\"Comment\",\"target\":[\"https:\\\/\\\/www.bodegasgranbazan.com\\\/resultado-de-la-vendimia-2020-en-bodegas-granbazan\\\/#respond\"]}]},{\"@type\":\"WebPage\",\"@id\":\"https:\\\/\\\/www.bodegasgranbazan.com\\\/resultado-de-la-vendimia-2020-en-bodegas-granbazan\\\/\",\"url\":\"https:\\\/\\\/www.bodegasgranbazan.com\\\/resultado-de-la-vendimia-2020-en-bodegas-granbazan\\\/\",\"name\":\"Resultado de la vendimia 2020 en Bodegas GRANBAZ\u00c1N - Granbaz\u00e1n - Bodegas GRANBAZ\u00c1N\",\"isPartOf\":{\"@id\":\"https:\\\/\\\/www.bodegasgranbazan.com\\\/#website\"},\"primaryImageOfPage\":{\"@id\":\"https:\\\/\\\/www.bodegasgranbazan.com\\\/resultado-de-la-vendimia-2020-en-bodegas-granbazan\\\/#primaryimage\"},\"image\":{\"@id\":\"https:\\\/\\\/www.bodegasgranbazan.com\\\/resultado-de-la-vendimia-2020-en-bodegas-granbazan\\\/#primaryimage\"},\"thumbnailUrl\":\"https:\\\/\\\/www.bodegasgranbazan.com\\\/web26\\\/wp-content\\\/uploads\\\/2020\\\/10\\\/vendimia_2020_bodegas_granbazan_min-2.jpg\",\"datePublished\":\"2020-10-15T08:33:44+00:00\",\"breadcrumb\":{\"@id\":\"https:\\\/\\\/www.bodegasgranbazan.com\\\/resultado-de-la-vendimia-2020-en-bodegas-granbazan\\\/#breadcrumb\"},\"inLanguage\":\"es\",\"potentialAction\":[{\"@type\":\"ReadAction\",\"target\":[\"https:\\\/\\\/www.bodegasgranbazan.com\\\/resultado-de-la-vendimia-2020-en-bodegas-granbazan\\\/\"]}]},{\"@type\":\"ImageObject\",\"inLanguage\":\"es\",\"@id\":\"https:\\\/\\\/www.bodegasgranbazan.com\\\/resultado-de-la-vendimia-2020-en-bodegas-granbazan\\\/#primaryimage\",\"url\":\"https:\\\/\\\/www.bodegasgranbazan.com\\\/web26\\\/wp-content\\\/uploads\\\/2020\\\/10\\\/vendimia_2020_bodegas_granbazan_min-2.jpg\",\"contentUrl\":\"https:\\\/\\\/www.bodegasgranbazan.com\\\/web26\\\/wp-content\\\/uploads\\\/2020\\\/10\\\/vendimia_2020_bodegas_granbazan_min-2.jpg\",\"width\":1080,\"height\":1080,\"caption\":\"Resumen vendimia 2020 en Bodegas GRANBAZ\u00c1N\"},{\"@type\":\"BreadcrumbList\",\"@id\":\"https:\\\/\\\/www.bodegasgranbazan.com\\\/resultado-de-la-vendimia-2020-en-bodegas-granbazan\\\/#breadcrumb\",\"itemListElement\":[{\"@type\":\"ListItem\",\"position\":1,\"name\":\"Portada\",\"item\":\"https:\\\/\\\/www.bodegasgranbazan.com\\\/\"},{\"@type\":\"ListItem\",\"position\":2,\"name\":\"Resultado de la vendimia 2020 en Bodegas GRANBAZ\u00c1N\"}]},{\"@type\":\"WebSite\",\"@id\":\"https:\\\/\\\/www.bodegasgranbazan.com\\\/#website\",\"url\":\"https:\\\/\\\/www.bodegasgranbazan.com\\\/\",\"name\":\"Bodegas Granbaz\u00e1n\",\"description\":\"Ubicada en el Valle del Saln\u00e9s, en el coraz\u00f3n de las R\u00edas Baixas.\",\"publisher\":{\"@id\":\"https:\\\/\\\/www.bodegasgranbazan.com\\\/#organization\"},\"potentialAction\":[{\"@type\":\"SearchAction\",\"target\":{\"@type\":\"EntryPoint\",\"urlTemplate\":\"https:\\\/\\\/www.bodegasgranbazan.com\\\/?s={search_term_string}\"},\"query-input\":{\"@type\":\"PropertyValueSpecification\",\"valueRequired\":true,\"valueName\":\"search_term_string\"}}],\"inLanguage\":\"es\"},{\"@type\":\"Organization\",\"@id\":\"https:\\\/\\\/www.bodegasgranbazan.com\\\/#organization\",\"name\":\"Bodegas Granbaz\u00e1n\",\"url\":\"https:\\\/\\\/www.bodegasgranbazan.com\\\/\",\"logo\":{\"@type\":\"ImageObject\",\"inLanguage\":\"es\",\"@id\":\"https:\\\/\\\/www.bodegasgranbazan.com\\\/#\\\/schema\\\/logo\\\/image\\\/\",\"url\":\"https:\\\/\\\/www.bodegasgranbazan.com\\\/web26\\\/wp-content\\\/uploads\\\/2026\\\/01\\\/granbazan-logo-def.webp\",\"contentUrl\":\"https:\\\/\\\/www.bodegasgranbazan.com\\\/web26\\\/wp-content\\\/uploads\\\/2026\\\/01\\\/granbazan-logo-def.webp\",\"width\":500,\"height\":264,\"caption\":\"Bodegas Granbaz\u00e1n\"},\"image\":{\"@id\":\"https:\\\/\\\/www.bodegasgranbazan.com\\\/#\\\/schema\\\/logo\\\/image\\\/\"}},{\"@type\":\"Person\",\"@id\":\"https:\\\/\\\/www.bodegasgranbazan.com\\\/#\\\/schema\\\/person\\\/97933cc939af6c2ab105f04fa04baf82\",\"name\":\"mdecomunicacion\",\"image\":{\"@type\":\"ImageObject\",\"inLanguage\":\"es\",\"@id\":\"https:\\\/\\\/secure.gravatar.com\\\/avatar\\\/66949bf9de56bfbec1700a5ea49e164097d3fe494d34a17f01cb80ec9566a0ea?s=96&d=mm&r=g\",\"url\":\"https:\\\/\\\/secure.gravatar.com\\\/avatar\\\/66949bf9de56bfbec1700a5ea49e164097d3fe494d34a17f01cb80ec9566a0ea?s=96&d=mm&r=g\",\"contentUrl\":\"https:\\\/\\\/secure.gravatar.com\\\/avatar\\\/66949bf9de56bfbec1700a5ea49e164097d3fe494d34a17f01cb80ec9566a0ea?s=96&d=mm&r=g\",\"caption\":\"mdecomunicacion\"},\"url\":\"https:\\\/\\\/www.bodegasgranbazan.com\\\/author\\\/4abb42feb80256ea\\\/\"}]}<\/script>\n<!-- \/ Yoast SEO plugin. -->","yoast_head_json":{"title":"Resultado de la vendimia 2020 en Bodegas GRANBAZ\u00c1N - Granbaz\u00e1n - Bodegas GRANBAZ\u00c1N","robots":{"index":"index","follow":"follow","max-snippet":"max-snippet:-1","max-image-preview":"max-image-preview:large","max-video-preview":"max-video-preview:-1"},"canonical":"https:\/\/www.bodegasgranbazan.com\/resultado-de-la-vendimia-2020-en-bodegas-granbazan\/","og_locale":"es_ES","og_type":"article","og_title":"Resultado de la vendimia 2020 en Bodegas GRANBAZ\u00c1N - Granbaz\u00e1n - Bodegas GRANBAZ\u00c1N","og_description":"Tras la recogida de la uva en Bodegas GRANBAZ\u00c1N, os informamos del resultado y estado del vi\u00f1edo. Con 10 d\u00edas de antelaci\u00f3n respecto a la campa\u00f1a anterior, el d\u00eda 4 de septiembre, comenz\u00f3 la vendimia 2020 en Bodegas Granbaz\u00e1n. Los \u00faltimos d\u00edas de agosto, c\u00e1lidos y secos, ayudaron a mantener a raya la proliferaci\u00f3n de [&hellip;]","og_url":"https:\/\/www.bodegasgranbazan.com\/resultado-de-la-vendimia-2020-en-bodegas-granbazan\/","og_site_name":"Granbaz\u00e1n - Bodegas GRANBAZ\u00c1N","article_published_time":"2020-10-15T08:33:44+00:00","og_image":[{"width":1080,"height":1080,"url":"https:\/\/www.bodegasgranbazan.com\/web26\/wp-content\/uploads\/2020\/10\/vendimia_2020_bodegas_granbazan_min-2.jpg","type":"image\/jpeg"}],"author":"mdecomunicacion","twitter_card":"summary_large_image","twitter_misc":{"Escrito por":"mdecomunicacion","Tiempo de lectura":"2 minutos"},"schema":{"@context":"https:\/\/schema.org","@graph":[{"@type":"Article","@id":"https:\/\/www.bodegasgranbazan.com\/resultado-de-la-vendimia-2020-en-bodegas-granbazan\/#article","isPartOf":{"@id":"https:\/\/www.bodegasgranbazan.com\/resultado-de-la-vendimia-2020-en-bodegas-granbazan\/"},"author":{"name":"mdecomunicacion","@id":"https:\/\/www.bodegasgranbazan.com\/#\/schema\/person\/97933cc939af6c2ab105f04fa04baf82"},"headline":"Resultado de la vendimia 2020 en Bodegas GRANBAZ\u00c1N","datePublished":"2020-10-15T08:33:44+00:00","mainEntityOfPage":{"@id":"https:\/\/www.bodegasgranbazan.com\/resultado-de-la-vendimia-2020-en-bodegas-granbazan\/"},"wordCount":407,"commentCount":0,"publisher":{"@id":"https:\/\/www.bodegasgranbazan.com\/#organization"},"image":{"@id":"https:\/\/www.bodegasgranbazan.com\/resultado-de-la-vendimia-2020-en-bodegas-granbazan\/#primaryimage"},"thumbnailUrl":"https:\/\/www.bodegasgranbazan.com\/web26\/wp-content\/uploads\/2020\/10\/vendimia_2020_bodegas_granbazan_min-2.jpg","keywords":["albari\u00f1o","Bodegas Granbaz\u00e1n","vendimia","vino"],"articleSection":["Noticias"],"inLanguage":"es","potentialAction":[{"@type":"CommentAction","name":"Comment","target":["https:\/\/www.bodegasgranbazan.com\/resultado-de-la-vendimia-2020-en-bodegas-granbazan\/#respond"]}]},{"@type":"WebPage","@id":"https:\/\/www.bodegasgranbazan.com\/resultado-de-la-vendimia-2020-en-bodegas-granbazan\/","url":"https:\/\/www.bodegasgranbazan.com\/resultado-de-la-vendimia-2020-en-bodegas-granbazan\/","name":"Resultado de la vendimia 2020 en Bodegas GRANBAZ\u00c1N - Granbaz\u00e1n - Bodegas GRANBAZ\u00c1N","isPartOf":{"@id":"https:\/\/www.bodegasgranbazan.com\/#website"},"primaryImageOfPage":{"@id":"https:\/\/www.bodegasgranbazan.com\/resultado-de-la-vendimia-2020-en-bodegas-granbazan\/#primaryimage"},"image":{"@id":"https:\/\/www.bodegasgranbazan.com\/resultado-de-la-vendimia-2020-en-bodegas-granbazan\/#primaryimage"},"thumbnailUrl":"https:\/\/www.bodegasgranbazan.com\/web26\/wp-content\/uploads\/2020\/10\/vendimia_2020_bodegas_granbazan_min-2.jpg","datePublished":"2020-10-15T08:33:44+00:00","breadcrumb":{"@id":"https:\/\/www.bodegasgranbazan.com\/resultado-de-la-vendimia-2020-en-bodegas-granbazan\/#breadcrumb"},"inLanguage":"es","potentialAction":[{"@type":"ReadAction","target":["https:\/\/www.bodegasgranbazan.com\/resultado-de-la-vendimia-2020-en-bodegas-granbazan\/"]}]},{"@type":"ImageObject","inLanguage":"es","@id":"https:\/\/www.bodegasgranbazan.com\/resultado-de-la-vendimia-2020-en-bodegas-granbazan\/#primaryimage","url":"https:\/\/www.bodegasgranbazan.com\/web26\/wp-content\/uploads\/2020\/10\/vendimia_2020_bodegas_granbazan_min-2.jpg","contentUrl":"https:\/\/www.bodegasgranbazan.com\/web26\/wp-content\/uploads\/2020\/10\/vendimia_2020_bodegas_granbazan_min-2.jpg","width":1080,"height":1080,"caption":"Resumen vendimia 2020 en Bodegas GRANBAZ\u00c1N"},{"@type":"BreadcrumbList","@id":"https:\/\/www.bodegasgranbazan.com\/resultado-de-la-vendimia-2020-en-bodegas-granbazan\/#breadcrumb","itemListElement":[{"@type":"ListItem","position":1,"name":"Portada","item":"https:\/\/www.bodegasgranbazan.com\/"},{"@type":"ListItem","position":2,"name":"Resultado de la vendimia 2020 en Bodegas GRANBAZ\u00c1N"}]},{"@type":"WebSite","@id":"https:\/\/www.bodegasgranbazan.com\/#website","url":"https:\/\/www.bodegasgranbazan.com\/","name":"Bodegas Granbaz\u00e1n","description":"Ubicada en el Valle del Saln\u00e9s, en el coraz\u00f3n de las R\u00edas Baixas.","publisher":{"@id":"https:\/\/www.bodegasgranbazan.com\/#organization"},"potentialAction":[{"@type":"SearchAction","target":{"@type":"EntryPoint","urlTemplate":"https:\/\/www.bodegasgranbazan.com\/?s={search_term_string}"},"query-input":{"@type":"PropertyValueSpecification","valueRequired":true,"valueName":"search_term_string"}}],"inLanguage":"es"},{"@type":"Organization","@id":"https:\/\/www.bodegasgranbazan.com\/#organization","name":"Bodegas Granbaz\u00e1n","url":"https:\/\/www.bodegasgranbazan.com\/","logo":{"@type":"ImageObject","inLanguage":"es","@id":"https:\/\/www.bodegasgranbazan.com\/#\/schema\/logo\/image\/","url":"https:\/\/www.bodegasgranbazan.com\/web26\/wp-content\/uploads\/2026\/01\/granbazan-logo-def.webp","contentUrl":"https:\/\/www.bodegasgranbazan.com\/web26\/wp-content\/uploads\/2026\/01\/granbazan-logo-def.webp","width":500,"height":264,"caption":"Bodegas Granbaz\u00e1n"},"image":{"@id":"https:\/\/www.bodegasgranbazan.com\/#\/schema\/logo\/image\/"}},{"@type":"Person","@id":"https:\/\/www.bodegasgranbazan.com\/#\/schema\/person\/97933cc939af6c2ab105f04fa04baf82","name":"mdecomunicacion","image":{"@type":"ImageObject","inLanguage":"es","@id":"https:\/\/secure.gravatar.com\/avatar\/66949bf9de56bfbec1700a5ea49e164097d3fe494d34a17f01cb80ec9566a0ea?s=96&d=mm&r=g","url":"https:\/\/secure.gravatar.com\/avatar\/66949bf9de56bfbec1700a5ea49e164097d3fe494d34a17f01cb80ec9566a0ea?s=96&d=mm&r=g","contentUrl":"https:\/\/secure.gravatar.com\/avatar\/66949bf9de56bfbec1700a5ea49e164097d3fe494d34a17f01cb80ec9566a0ea?s=96&d=mm&r=g","caption":"mdecomunicacion"},"url":"https:\/\/www.bodegasgranbazan.com\/author\/4abb42feb80256ea\/"}]}},"_links":{"self":[{"href":"https:\/\/www.bodegasgranbazan.com\/wp-json\/wp\/v2\/posts\/10118","targetHints":{"allow":["GET"]}}],"collection":[{"href":"https:\/\/www.bodegasgranbazan.com\/wp-json\/wp\/v2\/posts"}],"about":[{"href":"https:\/\/www.bodegasgranbazan.com\/wp-json\/wp\/v2\/types\/post"}],"author":[{"embeddable":true,"href":"https:\/\/www.bodegasgranbazan.com\/wp-json\/wp\/v2\/users\/2"}],"replies":[{"embeddable":true,"href":"https:\/\/www.bodegasgranbazan.com\/wp-json\/wp\/v2\/comments?post=10118"}],"version-history":[{"count":0,"href":"https:\/\/www.bodegasgranbazan.com\/wp-json\/wp\/v2\/posts\/10118\/revisions"}],"wp:featuredmedia":[{"embeddable":true,"href":"https:\/\/www.bodegasgranbazan.com\/wp-json\/wp\/v2\/media\/10128"}],"wp:attachment":[{"href":"https:\/\/www.bodegasgranbazan.com\/wp-json\/wp\/v2\/media?parent=10118"}],"wp:term":[{"taxonomy":"category","embeddable":true,"href":"https:\/\/www.bodegasgranbazan.com\/wp-json\/wp\/v2\/categories?post=10118"},{"taxonomy":"post_tag","embeddable":true,"href":"https:\/\/www.bodegasgranbazan.com\/wp-json\/wp\/v2\/tags?post=10118"}],"curies":[{"name":"wp","href":"https:\/\/api.w.org\/{rel}","templated":true}]}}