{"id":15945,"date":"2026-03-05T11:06:05","date_gmt":"2026-03-05T10:06:05","guid":{"rendered":"https:\/\/www.bodegasgranbazan.com\/?p=15945"},"modified":"2026-03-05T11:06:05","modified_gmt":"2026-03-05T10:06:05","slug":"bodegas-granbazan-y-bodegas-baigorri-se-incorporan-al-foro-de-marcas-renombradas-espanolas-como-marcas-de-alto-potencial-internacional","status":"publish","type":"post","link":"https:\/\/www.bodegasgranbazan.com\/bodegas-granbazan-y-bodegas-baigorri-se-incorporan-al-foro-de-marcas-renombradas-espanolas-como-marcas-de-alto-potencial-internacional\/","title":{"rendered":"Bodegas Granbaz\u00e1n y Bodegas Baigorri se incorporan al Foro de Marcas Renombradas Espa\u00f1olas como Marcas de Alto Potencial Internacional"},"content":{"rendered":"<p>Bodegas Granbaz\u00e1n (Vilanova de Arousa, R\u00edas Baixas) y Bodegas Baigorri (Samaniego, Rioja Alavesa) se han incorporado al <strong><a href=\"https:\/\/www.marcasrenombradas.com\/\">Foro de Marcas Renombradas Espa\u00f1olas (FMRE<\/a><\/strong>) en la categor\u00eda de Marca de Alto Potencial Internacional, tras la \u00faltima reuni\u00f3n de la junta directiva del foro, que aprob\u00f3 hace unos d\u00edas la incorporaci\u00f3n de ambas bodegas. Se trata de un reconocimiento que pone en valor el trabajo desarrollado por las dos bodegas en la proyecci\u00f3n exterior del vino espa\u00f1ol y su compromiso con la calidad, el origen y la identidad de sus respectivos territorios.<\/p>\n<p>&nbsp;<\/p>\n<p><img fetchpriority=\"high\" decoding=\"async\" class=\"alignnone size-medium wp-image-15946 aligncenter\" src=\"https:\/\/www.bodegasgranbazan.com\/web26\/wp-content\/uploads\/2026\/03\/GRANBAZAN-FORO-DE-MARCAS-RENOMBRADAS-240x300.webp\" alt=\"GRANBAZA\u0301N FORO DE MARCAS RENOMBRADAS\" width=\"240\" height=\"300\" srcset=\"https:\/\/www.bodegasgranbazan.com\/web26\/wp-content\/uploads\/2026\/03\/GRANBAZAN-FORO-DE-MARCAS-RENOMBRADAS-240x300.webp 240w, https:\/\/www.bodegasgranbazan.com\/web26\/wp-content\/uploads\/2026\/03\/GRANBAZAN-FORO-DE-MARCAS-RENOMBRADAS-819x1024.webp 819w, https:\/\/www.bodegasgranbazan.com\/web26\/wp-content\/uploads\/2026\/03\/GRANBAZAN-FORO-DE-MARCAS-RENOMBRADAS-768x960.webp 768w, https:\/\/www.bodegasgranbazan.com\/web26\/wp-content\/uploads\/2026\/03\/GRANBAZAN-FORO-DE-MARCAS-RENOMBRADAS-10x12.webp 10w, https:\/\/www.bodegasgranbazan.com\/web26\/wp-content\/uploads\/2026\/03\/GRANBAZAN-FORO-DE-MARCAS-RENOMBRADAS-600x750.webp 600w, https:\/\/www.bodegasgranbazan.com\/web26\/wp-content\/uploads\/2026\/03\/GRANBAZAN-FORO-DE-MARCAS-RENOMBRADAS.webp 1080w\" sizes=\"(max-width: 240px) 100vw, 240px\" \/><\/p>\n<p>&nbsp;<\/p>\n<p>El Foro de Marcas Renombradas Espa\u00f1olas es una alianza estrat\u00e9gica p\u00fablico-privada que re\u00fane a algunas de las empresas espa\u00f1olas m\u00e1s destacadas con presencia internacional, con el objetivo de impulsar la imagen y reputaci\u00f3n de Espa\u00f1a a trav\u00e9s de sus marcas. Formar parte de esta organizaci\u00f3n supone integrarse en una red de compa\u00f1\u00edas que representan la excelencia empresarial espa\u00f1ola y que comparten una visi\u00f3n com\u00fan basada en la internacionalizaci\u00f3n, la innovaci\u00f3n y la promoci\u00f3n del valor de marca.<\/p>\n<p>La incorporaci\u00f3n de Baigorri y Granbaz\u00e1n, ambas pertenecientes a la familia Mart\u00ednez Moreno, refuerza el posicionamiento de sus proyectos vitivin\u00edcolas en el \u00e1mbito internacional. Desde Rioja Alavesa, Bodegas Baigorri se ha consolidado como un referente en arquitectura vin\u00edcola contempor\u00e1nea y en la elaboraci\u00f3n de vinos por gravedad que expresan con fidelidad el car\u00e1cter de su territorio. Por su parte, Bodegas Granbaz\u00e1n, ubicada en el Valle del Saln\u00e9s dentro de la D.O. R\u00edas Baixas, destaca por la elegancia y singularidad de sus albari\u00f1os, profundamente ligados al paisaje atl\u00e1ntico que los vio nacer.<\/p>\n<p>Ambas bodegas comparten una filosof\u00eda basada en el respeto por el vi\u00f1edo, la sostenibilidad y la b\u00fasqueda constante de la excelencia, valores que se reflejan tanto en la calidad de sus vinos como en su creciente presencia en los mercados internacionales. Actualmente, los <a href=\"https:\/\/www.bodegasgranbazan.com\/pagina-de-tienda\/\">vinos<\/a> de Granbaz\u00e1n y Baigorri se comercializan en m\u00e1s de 45 pa\u00edses, contribuyendo a posicionar el vino espa\u00f1ol como un producto de prestigio y autenticidad en todo el mundo.<\/p>\n<p>Con motivo de esta incorporaci\u00f3n, Bodegas Granbaz\u00e1n y <a href=\"https:\/\/bodegasbaigorri.com\/\">Bodegas Baigorri<\/a> estar\u00e1n presentes el pr\u00f3ximo 24 de mayo en el acto institucional del Foro de Marcas Renombradas Espa\u00f1olas, donde compartir\u00e1n espacio con otras compa\u00f1\u00edas que, desde diferentes sectores, trabajan activamente para reforzar la imagen de Espa\u00f1a en el \u00e1mbito global.<\/p>\n<p>Este reconocimiento supone un paso m\u00e1s en la consolidaci\u00f3n de ambas bodegas como embajadoras del vino espa\u00f1ol y de la riqueza vitivin\u00edcola de dos territorios \u00fanicos: Rioja Alavesa y R\u00edas Baixas.<\/p>\n","protected":false},"excerpt":{"rendered":"<p>Bodegas Granbaz\u00e1n (Vilanova de Arousa, R\u00edas Baixas) y Bodegas Baigorri (Samaniego, Rioja Alavesa) se han incorporado al Foro de Marcas Renombradas Espa\u00f1olas (FMRE) en la categor\u00eda de Marca de Alto Potencial Internacional, tras la \u00faltima reuni\u00f3n de la junta directiva del foro, que aprob\u00f3 hace unos d\u00edas la incorporaci\u00f3n de ambas bodegas. Se trata de [&hellip;]<\/p>\n","protected":false},"author":2,"featured_media":15946,"comment_status":"open","ping_status":"open","sticky":false,"template":"","format":"standard","meta":{"_acf_changed":false,"footnotes":""},"categories":[39],"tags":[],"class_list":["post-15945","post","type-post","status-publish","format-standard","has-post-thumbnail","hentry","category-noticias"],"acf":[],"yoast_head":"<!-- This site is optimized with the Yoast SEO plugin v27.5 - https:\/\/yoast.com\/product\/yoast-seo-wordpress\/ -->\n<title>GRANBAZA\u0301N FORO DE MARCAS RENOMBRADAS<\/title>\n<meta name=\"robots\" content=\"index, follow, max-snippet:-1, max-image-preview:large, max-video-preview:-1\" \/>\n<link rel=\"canonical\" href=\"https:\/\/www.bodegasgranbazan.com\/bodegas-granbazan-y-bodegas-baigorri-se-incorporan-al-foro-de-marcas-renombradas-espanolas-como-marcas-de-alto-potencial-internacional\/\" \/>\n<meta property=\"og:locale\" content=\"es_ES\" \/>\n<meta property=\"og:type\" content=\"article\" \/>\n<meta property=\"og:title\" content=\"GRANBAZA\u0301N FORO DE MARCAS RENOMBRADAS\" \/>\n<meta property=\"og:description\" content=\"Bodegas Granbaz\u00e1n (Vilanova de Arousa, R\u00edas Baixas) y Bodegas Baigorri (Samaniego, Rioja Alavesa) se han incorporado al Foro de Marcas Renombradas Espa\u00f1olas (FMRE) en la categor\u00eda de Marca de Alto Potencial Internacional, tras la \u00faltima reuni\u00f3n de la junta directiva del foro, que aprob\u00f3 hace unos d\u00edas la incorporaci\u00f3n de ambas bodegas. Se trata de [&hellip;]\" \/>\n<meta property=\"og:url\" content=\"https:\/\/www.bodegasgranbazan.com\/bodegas-granbazan-y-bodegas-baigorri-se-incorporan-al-foro-de-marcas-renombradas-espanolas-como-marcas-de-alto-potencial-internacional\/\" \/>\n<meta property=\"og:site_name\" content=\"Granbaz\u00e1n - Bodegas GRANBAZ\u00c1N\" \/>\n<meta property=\"article:published_time\" content=\"2026-03-05T10:06:05+00:00\" \/>\n<meta property=\"og:image\" content=\"https:\/\/www.bodegasgranbazan.com\/web26\/wp-content\/uploads\/2026\/03\/GRANBAZAN-FORO-DE-MARCAS-RENOMBRADAS.webp\" \/>\n\t<meta property=\"og:image:width\" content=\"1080\" \/>\n\t<meta property=\"og:image:height\" content=\"1350\" \/>\n\t<meta property=\"og:image:type\" content=\"image\/webp\" \/>\n<meta name=\"author\" content=\"mdecomunicacion\" \/>\n<meta name=\"twitter:card\" content=\"summary_large_image\" \/>\n<meta name=\"twitter:label1\" content=\"Escrito por\" \/>\n\t<meta name=\"twitter:data1\" content=\"mdecomunicacion\" \/>\n\t<meta name=\"twitter:label2\" content=\"Tiempo de lectura\" \/>\n\t<meta name=\"twitter:data2\" content=\"3 minutos\" \/>\n<script type=\"application\/ld+json\" class=\"yoast-schema-graph\">{\"@context\":\"https:\\\/\\\/schema.org\",\"@graph\":[{\"@type\":\"Article\",\"@id\":\"https:\\\/\\\/www.bodegasgranbazan.com\\\/bodegas-granbazan-y-bodegas-baigorri-se-incorporan-al-foro-de-marcas-renombradas-espanolas-como-marcas-de-alto-potencial-internacional\\\/#article\",\"isPartOf\":{\"@id\":\"https:\\\/\\\/www.bodegasgranbazan.com\\\/bodegas-granbazan-y-bodegas-baigorri-se-incorporan-al-foro-de-marcas-renombradas-espanolas-como-marcas-de-alto-potencial-internacional\\\/\"},\"author\":{\"name\":\"mdecomunicacion\",\"@id\":\"https:\\\/\\\/www.bodegasgranbazan.com\\\/#\\\/schema\\\/person\\\/97933cc939af6c2ab105f04fa04baf82\"},\"headline\":\"Bodegas Granbaz\u00e1n y Bodegas Baigorri se incorporan al Foro de Marcas Renombradas Espa\u00f1olas como Marcas de Alto Potencial Internacional\",\"datePublished\":\"2026-03-05T10:06:05+00:00\",\"mainEntityOfPage\":{\"@id\":\"https:\\\/\\\/www.bodegasgranbazan.com\\\/bodegas-granbazan-y-bodegas-baigorri-se-incorporan-al-foro-de-marcas-renombradas-espanolas-como-marcas-de-alto-potencial-internacional\\\/\"},\"wordCount\":491,\"commentCount\":0,\"publisher\":{\"@id\":\"https:\\\/\\\/www.bodegasgranbazan.com\\\/#organization\"},\"image\":{\"@id\":\"https:\\\/\\\/www.bodegasgranbazan.com\\\/bodegas-granbazan-y-bodegas-baigorri-se-incorporan-al-foro-de-marcas-renombradas-espanolas-como-marcas-de-alto-potencial-internacional\\\/#primaryimage\"},\"thumbnailUrl\":\"https:\\\/\\\/www.bodegasgranbazan.com\\\/web26\\\/wp-content\\\/uploads\\\/2026\\\/03\\\/GRANBAZAN-FORO-DE-MARCAS-RENOMBRADAS.webp\",\"articleSection\":[\"Noticias\"],\"inLanguage\":\"es\",\"potentialAction\":[{\"@type\":\"CommentAction\",\"name\":\"Comment\",\"target\":[\"https:\\\/\\\/www.bodegasgranbazan.com\\\/bodegas-granbazan-y-bodegas-baigorri-se-incorporan-al-foro-de-marcas-renombradas-espanolas-como-marcas-de-alto-potencial-internacional\\\/#respond\"]}]},{\"@type\":\"WebPage\",\"@id\":\"https:\\\/\\\/www.bodegasgranbazan.com\\\/bodegas-granbazan-y-bodegas-baigorri-se-incorporan-al-foro-de-marcas-renombradas-espanolas-como-marcas-de-alto-potencial-internacional\\\/\",\"url\":\"https:\\\/\\\/www.bodegasgranbazan.com\\\/bodegas-granbazan-y-bodegas-baigorri-se-incorporan-al-foro-de-marcas-renombradas-espanolas-como-marcas-de-alto-potencial-internacional\\\/\",\"name\":\"GRANBAZA\u0301N FORO DE MARCAS RENOMBRADAS\",\"isPartOf\":{\"@id\":\"https:\\\/\\\/www.bodegasgranbazan.com\\\/#website\"},\"primaryImageOfPage\":{\"@id\":\"https:\\\/\\\/www.bodegasgranbazan.com\\\/bodegas-granbazan-y-bodegas-baigorri-se-incorporan-al-foro-de-marcas-renombradas-espanolas-como-marcas-de-alto-potencial-internacional\\\/#primaryimage\"},\"image\":{\"@id\":\"https:\\\/\\\/www.bodegasgranbazan.com\\\/bodegas-granbazan-y-bodegas-baigorri-se-incorporan-al-foro-de-marcas-renombradas-espanolas-como-marcas-de-alto-potencial-internacional\\\/#primaryimage\"},\"thumbnailUrl\":\"https:\\\/\\\/www.bodegasgranbazan.com\\\/web26\\\/wp-content\\\/uploads\\\/2026\\\/03\\\/GRANBAZAN-FORO-DE-MARCAS-RENOMBRADAS.webp\",\"datePublished\":\"2026-03-05T10:06:05+00:00\",\"breadcrumb\":{\"@id\":\"https:\\\/\\\/www.bodegasgranbazan.com\\\/bodegas-granbazan-y-bodegas-baigorri-se-incorporan-al-foro-de-marcas-renombradas-espanolas-como-marcas-de-alto-potencial-internacional\\\/#breadcrumb\"},\"inLanguage\":\"es\",\"potentialAction\":[{\"@type\":\"ReadAction\",\"target\":[\"https:\\\/\\\/www.bodegasgranbazan.com\\\/bodegas-granbazan-y-bodegas-baigorri-se-incorporan-al-foro-de-marcas-renombradas-espanolas-como-marcas-de-alto-potencial-internacional\\\/\"]}]},{\"@type\":\"ImageObject\",\"inLanguage\":\"es\",\"@id\":\"https:\\\/\\\/www.bodegasgranbazan.com\\\/bodegas-granbazan-y-bodegas-baigorri-se-incorporan-al-foro-de-marcas-renombradas-espanolas-como-marcas-de-alto-potencial-internacional\\\/#primaryimage\",\"url\":\"https:\\\/\\\/www.bodegasgranbazan.com\\\/web26\\\/wp-content\\\/uploads\\\/2026\\\/03\\\/GRANBAZAN-FORO-DE-MARCAS-RENOMBRADAS.webp\",\"contentUrl\":\"https:\\\/\\\/www.bodegasgranbazan.com\\\/web26\\\/wp-content\\\/uploads\\\/2026\\\/03\\\/GRANBAZAN-FORO-DE-MARCAS-RENOMBRADAS.webp\",\"width\":1080,\"height\":1350,\"caption\":\"GRANBAZA\u0301N FORO DE MARCAS RENOMBRADAS\"},{\"@type\":\"BreadcrumbList\",\"@id\":\"https:\\\/\\\/www.bodegasgranbazan.com\\\/bodegas-granbazan-y-bodegas-baigorri-se-incorporan-al-foro-de-marcas-renombradas-espanolas-como-marcas-de-alto-potencial-internacional\\\/#breadcrumb\",\"itemListElement\":[{\"@type\":\"ListItem\",\"position\":1,\"name\":\"Portada\",\"item\":\"https:\\\/\\\/www.bodegasgranbazan.com\\\/\"},{\"@type\":\"ListItem\",\"position\":2,\"name\":\"Bodegas Granbaz\u00e1n y Bodegas Baigorri se incorporan al Foro de Marcas Renombradas Espa\u00f1olas como Marcas de Alto Potencial Internacional\"}]},{\"@type\":\"WebSite\",\"@id\":\"https:\\\/\\\/www.bodegasgranbazan.com\\\/#website\",\"url\":\"https:\\\/\\\/www.bodegasgranbazan.com\\\/\",\"name\":\"Bodegas Granbaz\u00e1n\",\"description\":\"Ubicada en el Valle del Saln\u00e9s, en el coraz\u00f3n de las R\u00edas Baixas.\",\"publisher\":{\"@id\":\"https:\\\/\\\/www.bodegasgranbazan.com\\\/#organization\"},\"potentialAction\":[{\"@type\":\"SearchAction\",\"target\":{\"@type\":\"EntryPoint\",\"urlTemplate\":\"https:\\\/\\\/www.bodegasgranbazan.com\\\/?s={search_term_string}\"},\"query-input\":{\"@type\":\"PropertyValueSpecification\",\"valueRequired\":true,\"valueName\":\"search_term_string\"}}],\"inLanguage\":\"es\"},{\"@type\":\"Organization\",\"@id\":\"https:\\\/\\\/www.bodegasgranbazan.com\\\/#organization\",\"name\":\"Bodegas Granbaz\u00e1n\",\"url\":\"https:\\\/\\\/www.bodegasgranbazan.com\\\/\",\"logo\":{\"@type\":\"ImageObject\",\"inLanguage\":\"es\",\"@id\":\"https:\\\/\\\/www.bodegasgranbazan.com\\\/#\\\/schema\\\/logo\\\/image\\\/\",\"url\":\"https:\\\/\\\/www.bodegasgranbazan.com\\\/web26\\\/wp-content\\\/uploads\\\/2026\\\/01\\\/granbazan-logo-def.webp\",\"contentUrl\":\"https:\\\/\\\/www.bodegasgranbazan.com\\\/web26\\\/wp-content\\\/uploads\\\/2026\\\/01\\\/granbazan-logo-def.webp\",\"width\":500,\"height\":264,\"caption\":\"Bodegas Granbaz\u00e1n\"},\"image\":{\"@id\":\"https:\\\/\\\/www.bodegasgranbazan.com\\\/#\\\/schema\\\/logo\\\/image\\\/\"}},{\"@type\":\"Person\",\"@id\":\"https:\\\/\\\/www.bodegasgranbazan.com\\\/#\\\/schema\\\/person\\\/97933cc939af6c2ab105f04fa04baf82\",\"name\":\"mdecomunicacion\",\"image\":{\"@type\":\"ImageObject\",\"inLanguage\":\"es\",\"@id\":\"https:\\\/\\\/secure.gravatar.com\\\/avatar\\\/66949bf9de56bfbec1700a5ea49e164097d3fe494d34a17f01cb80ec9566a0ea?s=96&d=mm&r=g\",\"url\":\"https:\\\/\\\/secure.gravatar.com\\\/avatar\\\/66949bf9de56bfbec1700a5ea49e164097d3fe494d34a17f01cb80ec9566a0ea?s=96&d=mm&r=g\",\"contentUrl\":\"https:\\\/\\\/secure.gravatar.com\\\/avatar\\\/66949bf9de56bfbec1700a5ea49e164097d3fe494d34a17f01cb80ec9566a0ea?s=96&d=mm&r=g\",\"caption\":\"mdecomunicacion\"},\"url\":\"https:\\\/\\\/www.bodegasgranbazan.com\\\/author\\\/4abb42feb80256ea\\\/\"}]}<\/script>\n<!-- \/ Yoast SEO plugin. -->","yoast_head_json":{"title":"GRANBAZA\u0301N FORO DE MARCAS RENOMBRADAS","robots":{"index":"index","follow":"follow","max-snippet":"max-snippet:-1","max-image-preview":"max-image-preview:large","max-video-preview":"max-video-preview:-1"},"canonical":"https:\/\/www.bodegasgranbazan.com\/bodegas-granbazan-y-bodegas-baigorri-se-incorporan-al-foro-de-marcas-renombradas-espanolas-como-marcas-de-alto-potencial-internacional\/","og_locale":"es_ES","og_type":"article","og_title":"GRANBAZA\u0301N FORO DE MARCAS RENOMBRADAS","og_description":"Bodegas Granbaz\u00e1n (Vilanova de Arousa, R\u00edas Baixas) y Bodegas Baigorri (Samaniego, Rioja Alavesa) se han incorporado al Foro de Marcas Renombradas Espa\u00f1olas (FMRE) en la categor\u00eda de Marca de Alto Potencial Internacional, tras la \u00faltima reuni\u00f3n de la junta directiva del foro, que aprob\u00f3 hace unos d\u00edas la incorporaci\u00f3n de ambas bodegas. Se trata de [&hellip;]","og_url":"https:\/\/www.bodegasgranbazan.com\/bodegas-granbazan-y-bodegas-baigorri-se-incorporan-al-foro-de-marcas-renombradas-espanolas-como-marcas-de-alto-potencial-internacional\/","og_site_name":"Granbaz\u00e1n - Bodegas GRANBAZ\u00c1N","article_published_time":"2026-03-05T10:06:05+00:00","og_image":[{"width":1080,"height":1350,"url":"https:\/\/www.bodegasgranbazan.com\/web26\/wp-content\/uploads\/2026\/03\/GRANBAZAN-FORO-DE-MARCAS-RENOMBRADAS.webp","type":"image\/webp"}],"author":"mdecomunicacion","twitter_card":"summary_large_image","twitter_misc":{"Escrito por":"mdecomunicacion","Tiempo de lectura":"3 minutos"},"schema":{"@context":"https:\/\/schema.org","@graph":[{"@type":"Article","@id":"https:\/\/www.bodegasgranbazan.com\/bodegas-granbazan-y-bodegas-baigorri-se-incorporan-al-foro-de-marcas-renombradas-espanolas-como-marcas-de-alto-potencial-internacional\/#article","isPartOf":{"@id":"https:\/\/www.bodegasgranbazan.com\/bodegas-granbazan-y-bodegas-baigorri-se-incorporan-al-foro-de-marcas-renombradas-espanolas-como-marcas-de-alto-potencial-internacional\/"},"author":{"name":"mdecomunicacion","@id":"https:\/\/www.bodegasgranbazan.com\/#\/schema\/person\/97933cc939af6c2ab105f04fa04baf82"},"headline":"Bodegas Granbaz\u00e1n y Bodegas Baigorri se incorporan al Foro de Marcas Renombradas Espa\u00f1olas como Marcas de Alto Potencial Internacional","datePublished":"2026-03-05T10:06:05+00:00","mainEntityOfPage":{"@id":"https:\/\/www.bodegasgranbazan.com\/bodegas-granbazan-y-bodegas-baigorri-se-incorporan-al-foro-de-marcas-renombradas-espanolas-como-marcas-de-alto-potencial-internacional\/"},"wordCount":491,"commentCount":0,"publisher":{"@id":"https:\/\/www.bodegasgranbazan.com\/#organization"},"image":{"@id":"https:\/\/www.bodegasgranbazan.com\/bodegas-granbazan-y-bodegas-baigorri-se-incorporan-al-foro-de-marcas-renombradas-espanolas-como-marcas-de-alto-potencial-internacional\/#primaryimage"},"thumbnailUrl":"https:\/\/www.bodegasgranbazan.com\/web26\/wp-content\/uploads\/2026\/03\/GRANBAZAN-FORO-DE-MARCAS-RENOMBRADAS.webp","articleSection":["Noticias"],"inLanguage":"es","potentialAction":[{"@type":"CommentAction","name":"Comment","target":["https:\/\/www.bodegasgranbazan.com\/bodegas-granbazan-y-bodegas-baigorri-se-incorporan-al-foro-de-marcas-renombradas-espanolas-como-marcas-de-alto-potencial-internacional\/#respond"]}]},{"@type":"WebPage","@id":"https:\/\/www.bodegasgranbazan.com\/bodegas-granbazan-y-bodegas-baigorri-se-incorporan-al-foro-de-marcas-renombradas-espanolas-como-marcas-de-alto-potencial-internacional\/","url":"https:\/\/www.bodegasgranbazan.com\/bodegas-granbazan-y-bodegas-baigorri-se-incorporan-al-foro-de-marcas-renombradas-espanolas-como-marcas-de-alto-potencial-internacional\/","name":"GRANBAZA\u0301N FORO DE MARCAS RENOMBRADAS","isPartOf":{"@id":"https:\/\/www.bodegasgranbazan.com\/#website"},"primaryImageOfPage":{"@id":"https:\/\/www.bodegasgranbazan.com\/bodegas-granbazan-y-bodegas-baigorri-se-incorporan-al-foro-de-marcas-renombradas-espanolas-como-marcas-de-alto-potencial-internacional\/#primaryimage"},"image":{"@id":"https:\/\/www.bodegasgranbazan.com\/bodegas-granbazan-y-bodegas-baigorri-se-incorporan-al-foro-de-marcas-renombradas-espanolas-como-marcas-de-alto-potencial-internacional\/#primaryimage"},"thumbnailUrl":"https:\/\/www.bodegasgranbazan.com\/web26\/wp-content\/uploads\/2026\/03\/GRANBAZAN-FORO-DE-MARCAS-RENOMBRADAS.webp","datePublished":"2026-03-05T10:06:05+00:00","breadcrumb":{"@id":"https:\/\/www.bodegasgranbazan.com\/bodegas-granbazan-y-bodegas-baigorri-se-incorporan-al-foro-de-marcas-renombradas-espanolas-como-marcas-de-alto-potencial-internacional\/#breadcrumb"},"inLanguage":"es","potentialAction":[{"@type":"ReadAction","target":["https:\/\/www.bodegasgranbazan.com\/bodegas-granbazan-y-bodegas-baigorri-se-incorporan-al-foro-de-marcas-renombradas-espanolas-como-marcas-de-alto-potencial-internacional\/"]}]},{"@type":"ImageObject","inLanguage":"es","@id":"https:\/\/www.bodegasgranbazan.com\/bodegas-granbazan-y-bodegas-baigorri-se-incorporan-al-foro-de-marcas-renombradas-espanolas-como-marcas-de-alto-potencial-internacional\/#primaryimage","url":"https:\/\/www.bodegasgranbazan.com\/web26\/wp-content\/uploads\/2026\/03\/GRANBAZAN-FORO-DE-MARCAS-RENOMBRADAS.webp","contentUrl":"https:\/\/www.bodegasgranbazan.com\/web26\/wp-content\/uploads\/2026\/03\/GRANBAZAN-FORO-DE-MARCAS-RENOMBRADAS.webp","width":1080,"height":1350,"caption":"GRANBAZA\u0301N FORO DE MARCAS RENOMBRADAS"},{"@type":"BreadcrumbList","@id":"https:\/\/www.bodegasgranbazan.com\/bodegas-granbazan-y-bodegas-baigorri-se-incorporan-al-foro-de-marcas-renombradas-espanolas-como-marcas-de-alto-potencial-internacional\/#breadcrumb","itemListElement":[{"@type":"ListItem","position":1,"name":"Portada","item":"https:\/\/www.bodegasgranbazan.com\/"},{"@type":"ListItem","position":2,"name":"Bodegas Granbaz\u00e1n y Bodegas Baigorri se incorporan al Foro de Marcas Renombradas Espa\u00f1olas como Marcas de Alto Potencial Internacional"}]},{"@type":"WebSite","@id":"https:\/\/www.bodegasgranbazan.com\/#website","url":"https:\/\/www.bodegasgranbazan.com\/","name":"Bodegas Granbaz\u00e1n","description":"Ubicada en el Valle del Saln\u00e9s, en el coraz\u00f3n de las R\u00edas Baixas.","publisher":{"@id":"https:\/\/www.bodegasgranbazan.com\/#organization"},"potentialAction":[{"@type":"SearchAction","target":{"@type":"EntryPoint","urlTemplate":"https:\/\/www.bodegasgranbazan.com\/?s={search_term_string}"},"query-input":{"@type":"PropertyValueSpecification","valueRequired":true,"valueName":"search_term_string"}}],"inLanguage":"es"},{"@type":"Organization","@id":"https:\/\/www.bodegasgranbazan.com\/#organization","name":"Bodegas Granbaz\u00e1n","url":"https:\/\/www.bodegasgranbazan.com\/","logo":{"@type":"ImageObject","inLanguage":"es","@id":"https:\/\/www.bodegasgranbazan.com\/#\/schema\/logo\/image\/","url":"https:\/\/www.bodegasgranbazan.com\/web26\/wp-content\/uploads\/2026\/01\/granbazan-logo-def.webp","contentUrl":"https:\/\/www.bodegasgranbazan.com\/web26\/wp-content\/uploads\/2026\/01\/granbazan-logo-def.webp","width":500,"height":264,"caption":"Bodegas Granbaz\u00e1n"},"image":{"@id":"https:\/\/www.bodegasgranbazan.com\/#\/schema\/logo\/image\/"}},{"@type":"Person","@id":"https:\/\/www.bodegasgranbazan.com\/#\/schema\/person\/97933cc939af6c2ab105f04fa04baf82","name":"mdecomunicacion","image":{"@type":"ImageObject","inLanguage":"es","@id":"https:\/\/secure.gravatar.com\/avatar\/66949bf9de56bfbec1700a5ea49e164097d3fe494d34a17f01cb80ec9566a0ea?s=96&d=mm&r=g","url":"https:\/\/secure.gravatar.com\/avatar\/66949bf9de56bfbec1700a5ea49e164097d3fe494d34a17f01cb80ec9566a0ea?s=96&d=mm&r=g","contentUrl":"https:\/\/secure.gravatar.com\/avatar\/66949bf9de56bfbec1700a5ea49e164097d3fe494d34a17f01cb80ec9566a0ea?s=96&d=mm&r=g","caption":"mdecomunicacion"},"url":"https:\/\/www.bodegasgranbazan.com\/author\/4abb42feb80256ea\/"}]}},"_links":{"self":[{"href":"https:\/\/www.bodegasgranbazan.com\/wp-json\/wp\/v2\/posts\/15945","targetHints":{"allow":["GET"]}}],"collection":[{"href":"https:\/\/www.bodegasgranbazan.com\/wp-json\/wp\/v2\/posts"}],"about":[{"href":"https:\/\/www.bodegasgranbazan.com\/wp-json\/wp\/v2\/types\/post"}],"author":[{"embeddable":true,"href":"https:\/\/www.bodegasgranbazan.com\/wp-json\/wp\/v2\/users\/2"}],"replies":[{"embeddable":true,"href":"https:\/\/www.bodegasgranbazan.com\/wp-json\/wp\/v2\/comments?post=15945"}],"version-history":[{"count":1,"href":"https:\/\/www.bodegasgranbazan.com\/wp-json\/wp\/v2\/posts\/15945\/revisions"}],"predecessor-version":[{"id":15947,"href":"https:\/\/www.bodegasgranbazan.com\/wp-json\/wp\/v2\/posts\/15945\/revisions\/15947"}],"wp:featuredmedia":[{"embeddable":true,"href":"https:\/\/www.bodegasgranbazan.com\/wp-json\/wp\/v2\/media\/15946"}],"wp:attachment":[{"href":"https:\/\/www.bodegasgranbazan.com\/wp-json\/wp\/v2\/media?parent=15945"}],"wp:term":[{"taxonomy":"category","embeddable":true,"href":"https:\/\/www.bodegasgranbazan.com\/wp-json\/wp\/v2\/categories?post=15945"},{"taxonomy":"post_tag","embeddable":true,"href":"https:\/\/www.bodegasgranbazan.com\/wp-json\/wp\/v2\/tags?post=15945"}],"curies":[{"name":"wp","href":"https:\/\/api.w.org\/{rel}","templated":true}]}}