{"id":8770,"date":"2020-02-21T12:07:29","date_gmt":"2020-02-21T11:07:29","guid":{"rendered":"https:\/\/www.bodegasgranbazan.com\/?p=8770"},"modified":"2020-02-21T12:07:29","modified_gmt":"2020-02-21T11:07:29","slug":"pronto-terminara-la-epoca-de-poda-en-bodegas-granbazan-y-hemos-analizado-el-estado-del-vinedo","status":"publish","type":"post","link":"https:\/\/www.bodegasgranbazan.com\/pronto-terminara-la-epoca-de-poda-en-bodegas-granbazan-y-hemos-analizado-el-estado-del-vinedo\/","title":{"rendered":"Pronto terminar\u00e1 la \u00e9poca de poda en Bodegas GRANBAZ\u00c1N \u00a1y hemos analizado el estado del vi\u00f1edo!"},"content":{"rendered":"\n<p>Solo quedan un par de semanas en Bodegas Granbaz\u00e1n para dar por concluido el periodo de poda.<\/p>\n\n\n\n<p>Durante casi dos meses, la experiencia y habilidad de nuestros podadores son puestas en pr\u00e1ctica y sus decisiones determinar\u00e1n la cantidad de yemas por hect\u00e1rea que sostendr\u00e1n la producci\u00f3n de la pr\u00f3xima temporada.<\/p>\n\n\n\n<p>Las inclemencias del clima gallego no hacen la labor nada f\u00e1cil, y los niveles de humedad relativa representan una amenaza a la sanidad de las plantas a la hora de realizar cortes.<\/p>\n\n\n\n<p>Diego R\u00edos, en\u00f3logo de Bodegas Granbaz\u00e1n, comenta que&nbsp;<em>\u00abHacer una poda de cortes limpios y evitar hacer heridas de gran calibre en la parra son los principios esenciales de la poda suave o de m\u00ednima intervenci\u00f3n que practica la bodega, a fin de evitar el ingreso y proliferaci\u00f3n de enfermedades fungosas de la madera.\u201d<\/em><\/p>\n\n\n\n<p>La siguiente actividad en el calendario es el amarre de cargadores o varas que han sido seleccionados durante la poda, un manejo fundamental para guiar y conducir el vigor natural del Albari\u00f1o.<\/p>\n\n\n\n<div class=\"wp-block-image\"><figure class=\"aligncenter size-large is-resized\"><img fetchpriority=\"high\" decoding=\"async\" src=\"https:\/\/www.bodegasgranbazan.com\/web26\/wp-content\/uploads\/2020\/02\/poda_bodegas-granbazan_2020-1024x1024.jpg\" alt=\"Estado del vi\u00f1edo en Bodegas Granbaz\u00e1n 2020\" class=\"wp-image-8776\" width=\"545\" height=\"545\" \/><\/figure><\/div>\n\n\n\n<p>A su vez, en bodega, la a\u00f1ada 2019 descansa sobre sus l\u00edas y se muestra ya en los vinos j\u00f3venes muy expresiva y compleja.<\/p>\n\n\n\n<p>Tras este breve an\u00e1lisis del estado de nuestro vi\u00f1edo, aprovechamos para animarte a visitar nuestras instalaciones en la Finca de Tremoedo en Vilanova de Arousa, en pleno coraz\u00f3n de las R\u00edas Baixas.&nbsp;<\/p>\n\n\n\n<p>Y ponemos a tu disposici\u00f3n nuestra tienda f\u00edsica, en la que podr\u00e1s adquirir nuestros vinos Albari\u00f1os GRANBAZ\u00c1N con D.O. R\u00edas Baixas, y otros productos, como nuestras conservas de excelencia de las R\u00edas Gallegas o nuestros licores MarcdeBaz\u00e1n.<\/p>\n\n\n\n<p>Si prefieres, puedes descubrir nuestros productos a solo un clic, \u00a1en nuestra\u00a0<a rel=\"noreferrer noopener\" aria-label=\"tienda online (se abre en una nueva pesta\u00f1a)\" href=\"https:\/\/www.bodegasgranbazan.com\/web26\/tienda-granbazan\/#vinos\" target=\"_blank\">tienda online<\/a>! <\/p>\n","protected":false},"excerpt":{"rendered":"<p>Solo quedan un par de semanas en Bodegas Granbaz\u00e1n para dar por concluido el periodo de poda. Durante casi dos meses, la experiencia y habilidad de nuestros podadores son puestas en pr\u00e1ctica y sus decisiones determinar\u00e1n la cantidad de yemas por hect\u00e1rea que sostendr\u00e1n la producci\u00f3n de la pr\u00f3xima temporada. Las inclemencias del clima gallego [&hellip;]<\/p>\n","protected":false},"author":2,"featured_media":8774,"comment_status":"open","ping_status":"open","sticky":false,"template":"","format":"standard","meta":{"_acf_changed":false,"footnotes":""},"categories":[39],"tags":[],"class_list":["post-8770","post","type-post","status-publish","format-standard","has-post-thumbnail","hentry","category-noticias"],"acf":[],"yoast_head":"<!-- This site is optimized with the Yoast SEO plugin v27.5 - https:\/\/yoast.com\/product\/yoast-seo-wordpress\/ -->\n<title>Pronto terminar\u00e1 la \u00e9poca de poda en Bodegas GRANBAZ\u00c1N \u00a1y hemos analizado el estado del vi\u00f1edo! - Granbaz\u00e1n - Bodegas GRANBAZ\u00c1N<\/title>\n<meta name=\"robots\" content=\"index, follow, max-snippet:-1, max-image-preview:large, max-video-preview:-1\" \/>\n<link rel=\"canonical\" href=\"https:\/\/www.bodegasgranbazan.com\/pronto-terminara-la-epoca-de-poda-en-bodegas-granbazan-y-hemos-analizado-el-estado-del-vinedo\/\" \/>\n<meta property=\"og:locale\" content=\"es_ES\" \/>\n<meta property=\"og:type\" content=\"article\" \/>\n<meta property=\"og:title\" content=\"Pronto terminar\u00e1 la \u00e9poca de poda en Bodegas GRANBAZ\u00c1N \u00a1y hemos analizado el estado del vi\u00f1edo! - Granbaz\u00e1n - Bodegas GRANBAZ\u00c1N\" \/>\n<meta property=\"og:description\" content=\"Solo quedan un par de semanas en Bodegas Granbaz\u00e1n para dar por concluido el periodo de poda. Durante casi dos meses, la experiencia y habilidad de nuestros podadores son puestas en pr\u00e1ctica y sus decisiones determinar\u00e1n la cantidad de yemas por hect\u00e1rea que sostendr\u00e1n la producci\u00f3n de la pr\u00f3xima temporada. Las inclemencias del clima gallego [&hellip;]\" \/>\n<meta property=\"og:url\" content=\"https:\/\/www.bodegasgranbazan.com\/pronto-terminara-la-epoca-de-poda-en-bodegas-granbazan-y-hemos-analizado-el-estado-del-vinedo\/\" \/>\n<meta property=\"og:site_name\" content=\"Granbaz\u00e1n - Bodegas GRANBAZ\u00c1N\" \/>\n<meta property=\"article:published_time\" content=\"2020-02-21T11:07:29+00:00\" \/>\n<meta property=\"og:image\" content=\"https:\/\/www.bodegasgranbazan.com\/web26\/wp-content\/uploads\/2020\/02\/miniatura_granbazan_estado_vinedo-2020-1.jpg\" \/>\n\t<meta property=\"og:image:width\" content=\"1600\" \/>\n\t<meta property=\"og:image:height\" content=\"1600\" \/>\n\t<meta property=\"og:image:type\" content=\"image\/jpeg\" \/>\n<meta name=\"author\" content=\"mdecomunicacion\" \/>\n<meta name=\"twitter:card\" content=\"summary_large_image\" \/>\n<meta name=\"twitter:label1\" content=\"Escrito por\" \/>\n\t<meta name=\"twitter:data1\" content=\"mdecomunicacion\" \/>\n\t<meta name=\"twitter:label2\" content=\"Tiempo de lectura\" \/>\n\t<meta name=\"twitter:data2\" content=\"2 minutos\" \/>\n<script type=\"application\/ld+json\" class=\"yoast-schema-graph\">{\"@context\":\"https:\\\/\\\/schema.org\",\"@graph\":[{\"@type\":\"Article\",\"@id\":\"https:\\\/\\\/www.bodegasgranbazan.com\\\/pronto-terminara-la-epoca-de-poda-en-bodegas-granbazan-y-hemos-analizado-el-estado-del-vinedo\\\/#article\",\"isPartOf\":{\"@id\":\"https:\\\/\\\/www.bodegasgranbazan.com\\\/pronto-terminara-la-epoca-de-poda-en-bodegas-granbazan-y-hemos-analizado-el-estado-del-vinedo\\\/\"},\"author\":{\"name\":\"mdecomunicacion\",\"@id\":\"https:\\\/\\\/www.bodegasgranbazan.com\\\/#\\\/schema\\\/person\\\/97933cc939af6c2ab105f04fa04baf82\"},\"headline\":\"Pronto terminar\u00e1 la \u00e9poca de poda en Bodegas GRANBAZ\u00c1N \u00a1y hemos analizado el estado del vi\u00f1edo!\",\"datePublished\":\"2020-02-21T11:07:29+00:00\",\"mainEntityOfPage\":{\"@id\":\"https:\\\/\\\/www.bodegasgranbazan.com\\\/pronto-terminara-la-epoca-de-poda-en-bodegas-granbazan-y-hemos-analizado-el-estado-del-vinedo\\\/\"},\"wordCount\":325,\"commentCount\":0,\"publisher\":{\"@id\":\"https:\\\/\\\/www.bodegasgranbazan.com\\\/#organization\"},\"image\":{\"@id\":\"https:\\\/\\\/www.bodegasgranbazan.com\\\/pronto-terminara-la-epoca-de-poda-en-bodegas-granbazan-y-hemos-analizado-el-estado-del-vinedo\\\/#primaryimage\"},\"thumbnailUrl\":\"https:\\\/\\\/www.bodegasgranbazan.com\\\/web26\\\/wp-content\\\/uploads\\\/2020\\\/02\\\/miniatura_granbazan_estado_vinedo-2020-1.jpg\",\"articleSection\":[\"Noticias\"],\"inLanguage\":\"es\",\"potentialAction\":[{\"@type\":\"CommentAction\",\"name\":\"Comment\",\"target\":[\"https:\\\/\\\/www.bodegasgranbazan.com\\\/pronto-terminara-la-epoca-de-poda-en-bodegas-granbazan-y-hemos-analizado-el-estado-del-vinedo\\\/#respond\"]}]},{\"@type\":\"WebPage\",\"@id\":\"https:\\\/\\\/www.bodegasgranbazan.com\\\/pronto-terminara-la-epoca-de-poda-en-bodegas-granbazan-y-hemos-analizado-el-estado-del-vinedo\\\/\",\"url\":\"https:\\\/\\\/www.bodegasgranbazan.com\\\/pronto-terminara-la-epoca-de-poda-en-bodegas-granbazan-y-hemos-analizado-el-estado-del-vinedo\\\/\",\"name\":\"Pronto terminar\u00e1 la \u00e9poca de poda en Bodegas GRANBAZ\u00c1N \u00a1y hemos analizado el estado del vi\u00f1edo! - Granbaz\u00e1n - Bodegas GRANBAZ\u00c1N\",\"isPartOf\":{\"@id\":\"https:\\\/\\\/www.bodegasgranbazan.com\\\/#website\"},\"primaryImageOfPage\":{\"@id\":\"https:\\\/\\\/www.bodegasgranbazan.com\\\/pronto-terminara-la-epoca-de-poda-en-bodegas-granbazan-y-hemos-analizado-el-estado-del-vinedo\\\/#primaryimage\"},\"image\":{\"@id\":\"https:\\\/\\\/www.bodegasgranbazan.com\\\/pronto-terminara-la-epoca-de-poda-en-bodegas-granbazan-y-hemos-analizado-el-estado-del-vinedo\\\/#primaryimage\"},\"thumbnailUrl\":\"https:\\\/\\\/www.bodegasgranbazan.com\\\/web26\\\/wp-content\\\/uploads\\\/2020\\\/02\\\/miniatura_granbazan_estado_vinedo-2020-1.jpg\",\"datePublished\":\"2020-02-21T11:07:29+00:00\",\"breadcrumb\":{\"@id\":\"https:\\\/\\\/www.bodegasgranbazan.com\\\/pronto-terminara-la-epoca-de-poda-en-bodegas-granbazan-y-hemos-analizado-el-estado-del-vinedo\\\/#breadcrumb\"},\"inLanguage\":\"es\",\"potentialAction\":[{\"@type\":\"ReadAction\",\"target\":[\"https:\\\/\\\/www.bodegasgranbazan.com\\\/pronto-terminara-la-epoca-de-poda-en-bodegas-granbazan-y-hemos-analizado-el-estado-del-vinedo\\\/\"]}]},{\"@type\":\"ImageObject\",\"inLanguage\":\"es\",\"@id\":\"https:\\\/\\\/www.bodegasgranbazan.com\\\/pronto-terminara-la-epoca-de-poda-en-bodegas-granbazan-y-hemos-analizado-el-estado-del-vinedo\\\/#primaryimage\",\"url\":\"https:\\\/\\\/www.bodegasgranbazan.com\\\/web26\\\/wp-content\\\/uploads\\\/2020\\\/02\\\/miniatura_granbazan_estado_vinedo-2020-1.jpg\",\"contentUrl\":\"https:\\\/\\\/www.bodegasgranbazan.com\\\/web26\\\/wp-content\\\/uploads\\\/2020\\\/02\\\/miniatura_granbazan_estado_vinedo-2020-1.jpg\",\"width\":1600,\"height\":1600,\"caption\":\"Estado del vi\u00f1edo en Bodegas Granbaz\u00e1n\"},{\"@type\":\"BreadcrumbList\",\"@id\":\"https:\\\/\\\/www.bodegasgranbazan.com\\\/pronto-terminara-la-epoca-de-poda-en-bodegas-granbazan-y-hemos-analizado-el-estado-del-vinedo\\\/#breadcrumb\",\"itemListElement\":[{\"@type\":\"ListItem\",\"position\":1,\"name\":\"Portada\",\"item\":\"https:\\\/\\\/www.bodegasgranbazan.com\\\/\"},{\"@type\":\"ListItem\",\"position\":2,\"name\":\"Pronto terminar\u00e1 la \u00e9poca de poda en Bodegas GRANBAZ\u00c1N \u00a1y hemos analizado el estado del vi\u00f1edo!\"}]},{\"@type\":\"WebSite\",\"@id\":\"https:\\\/\\\/www.bodegasgranbazan.com\\\/#website\",\"url\":\"https:\\\/\\\/www.bodegasgranbazan.com\\\/\",\"name\":\"Bodegas Granbaz\u00e1n\",\"description\":\"Ubicada en el Valle del Saln\u00e9s, en el coraz\u00f3n de las R\u00edas Baixas.\",\"publisher\":{\"@id\":\"https:\\\/\\\/www.bodegasgranbazan.com\\\/#organization\"},\"potentialAction\":[{\"@type\":\"SearchAction\",\"target\":{\"@type\":\"EntryPoint\",\"urlTemplate\":\"https:\\\/\\\/www.bodegasgranbazan.com\\\/?s={search_term_string}\"},\"query-input\":{\"@type\":\"PropertyValueSpecification\",\"valueRequired\":true,\"valueName\":\"search_term_string\"}}],\"inLanguage\":\"es\"},{\"@type\":\"Organization\",\"@id\":\"https:\\\/\\\/www.bodegasgranbazan.com\\\/#organization\",\"name\":\"Bodegas Granbaz\u00e1n\",\"url\":\"https:\\\/\\\/www.bodegasgranbazan.com\\\/\",\"logo\":{\"@type\":\"ImageObject\",\"inLanguage\":\"es\",\"@id\":\"https:\\\/\\\/www.bodegasgranbazan.com\\\/#\\\/schema\\\/logo\\\/image\\\/\",\"url\":\"https:\\\/\\\/www.bodegasgranbazan.com\\\/web26\\\/wp-content\\\/uploads\\\/2026\\\/01\\\/granbazan-logo-def.webp\",\"contentUrl\":\"https:\\\/\\\/www.bodegasgranbazan.com\\\/web26\\\/wp-content\\\/uploads\\\/2026\\\/01\\\/granbazan-logo-def.webp\",\"width\":500,\"height\":264,\"caption\":\"Bodegas Granbaz\u00e1n\"},\"image\":{\"@id\":\"https:\\\/\\\/www.bodegasgranbazan.com\\\/#\\\/schema\\\/logo\\\/image\\\/\"}},{\"@type\":\"Person\",\"@id\":\"https:\\\/\\\/www.bodegasgranbazan.com\\\/#\\\/schema\\\/person\\\/97933cc939af6c2ab105f04fa04baf82\",\"name\":\"mdecomunicacion\",\"image\":{\"@type\":\"ImageObject\",\"inLanguage\":\"es\",\"@id\":\"https:\\\/\\\/secure.gravatar.com\\\/avatar\\\/66949bf9de56bfbec1700a5ea49e164097d3fe494d34a17f01cb80ec9566a0ea?s=96&d=mm&r=g\",\"url\":\"https:\\\/\\\/secure.gravatar.com\\\/avatar\\\/66949bf9de56bfbec1700a5ea49e164097d3fe494d34a17f01cb80ec9566a0ea?s=96&d=mm&r=g\",\"contentUrl\":\"https:\\\/\\\/secure.gravatar.com\\\/avatar\\\/66949bf9de56bfbec1700a5ea49e164097d3fe494d34a17f01cb80ec9566a0ea?s=96&d=mm&r=g\",\"caption\":\"mdecomunicacion\"},\"url\":\"https:\\\/\\\/www.bodegasgranbazan.com\\\/author\\\/4abb42feb80256ea\\\/\"}]}<\/script>\n<!-- \/ Yoast SEO plugin. -->","yoast_head_json":{"title":"Pronto terminar\u00e1 la \u00e9poca de poda en Bodegas GRANBAZ\u00c1N \u00a1y hemos analizado el estado del vi\u00f1edo! - Granbaz\u00e1n - Bodegas GRANBAZ\u00c1N","robots":{"index":"index","follow":"follow","max-snippet":"max-snippet:-1","max-image-preview":"max-image-preview:large","max-video-preview":"max-video-preview:-1"},"canonical":"https:\/\/www.bodegasgranbazan.com\/pronto-terminara-la-epoca-de-poda-en-bodegas-granbazan-y-hemos-analizado-el-estado-del-vinedo\/","og_locale":"es_ES","og_type":"article","og_title":"Pronto terminar\u00e1 la \u00e9poca de poda en Bodegas GRANBAZ\u00c1N \u00a1y hemos analizado el estado del vi\u00f1edo! - Granbaz\u00e1n - Bodegas GRANBAZ\u00c1N","og_description":"Solo quedan un par de semanas en Bodegas Granbaz\u00e1n para dar por concluido el periodo de poda. Durante casi dos meses, la experiencia y habilidad de nuestros podadores son puestas en pr\u00e1ctica y sus decisiones determinar\u00e1n la cantidad de yemas por hect\u00e1rea que sostendr\u00e1n la producci\u00f3n de la pr\u00f3xima temporada. Las inclemencias del clima gallego [&hellip;]","og_url":"https:\/\/www.bodegasgranbazan.com\/pronto-terminara-la-epoca-de-poda-en-bodegas-granbazan-y-hemos-analizado-el-estado-del-vinedo\/","og_site_name":"Granbaz\u00e1n - Bodegas GRANBAZ\u00c1N","article_published_time":"2020-02-21T11:07:29+00:00","og_image":[{"width":1600,"height":1600,"url":"https:\/\/www.bodegasgranbazan.com\/web26\/wp-content\/uploads\/2020\/02\/miniatura_granbazan_estado_vinedo-2020-1.jpg","type":"image\/jpeg"}],"author":"mdecomunicacion","twitter_card":"summary_large_image","twitter_misc":{"Escrito por":"mdecomunicacion","Tiempo de lectura":"2 minutos"},"schema":{"@context":"https:\/\/schema.org","@graph":[{"@type":"Article","@id":"https:\/\/www.bodegasgranbazan.com\/pronto-terminara-la-epoca-de-poda-en-bodegas-granbazan-y-hemos-analizado-el-estado-del-vinedo\/#article","isPartOf":{"@id":"https:\/\/www.bodegasgranbazan.com\/pronto-terminara-la-epoca-de-poda-en-bodegas-granbazan-y-hemos-analizado-el-estado-del-vinedo\/"},"author":{"name":"mdecomunicacion","@id":"https:\/\/www.bodegasgranbazan.com\/#\/schema\/person\/97933cc939af6c2ab105f04fa04baf82"},"headline":"Pronto terminar\u00e1 la \u00e9poca de poda en Bodegas GRANBAZ\u00c1N \u00a1y hemos analizado el estado del vi\u00f1edo!","datePublished":"2020-02-21T11:07:29+00:00","mainEntityOfPage":{"@id":"https:\/\/www.bodegasgranbazan.com\/pronto-terminara-la-epoca-de-poda-en-bodegas-granbazan-y-hemos-analizado-el-estado-del-vinedo\/"},"wordCount":325,"commentCount":0,"publisher":{"@id":"https:\/\/www.bodegasgranbazan.com\/#organization"},"image":{"@id":"https:\/\/www.bodegasgranbazan.com\/pronto-terminara-la-epoca-de-poda-en-bodegas-granbazan-y-hemos-analizado-el-estado-del-vinedo\/#primaryimage"},"thumbnailUrl":"https:\/\/www.bodegasgranbazan.com\/web26\/wp-content\/uploads\/2020\/02\/miniatura_granbazan_estado_vinedo-2020-1.jpg","articleSection":["Noticias"],"inLanguage":"es","potentialAction":[{"@type":"CommentAction","name":"Comment","target":["https:\/\/www.bodegasgranbazan.com\/pronto-terminara-la-epoca-de-poda-en-bodegas-granbazan-y-hemos-analizado-el-estado-del-vinedo\/#respond"]}]},{"@type":"WebPage","@id":"https:\/\/www.bodegasgranbazan.com\/pronto-terminara-la-epoca-de-poda-en-bodegas-granbazan-y-hemos-analizado-el-estado-del-vinedo\/","url":"https:\/\/www.bodegasgranbazan.com\/pronto-terminara-la-epoca-de-poda-en-bodegas-granbazan-y-hemos-analizado-el-estado-del-vinedo\/","name":"Pronto terminar\u00e1 la \u00e9poca de poda en Bodegas GRANBAZ\u00c1N \u00a1y hemos analizado el estado del vi\u00f1edo! - Granbaz\u00e1n - Bodegas GRANBAZ\u00c1N","isPartOf":{"@id":"https:\/\/www.bodegasgranbazan.com\/#website"},"primaryImageOfPage":{"@id":"https:\/\/www.bodegasgranbazan.com\/pronto-terminara-la-epoca-de-poda-en-bodegas-granbazan-y-hemos-analizado-el-estado-del-vinedo\/#primaryimage"},"image":{"@id":"https:\/\/www.bodegasgranbazan.com\/pronto-terminara-la-epoca-de-poda-en-bodegas-granbazan-y-hemos-analizado-el-estado-del-vinedo\/#primaryimage"},"thumbnailUrl":"https:\/\/www.bodegasgranbazan.com\/web26\/wp-content\/uploads\/2020\/02\/miniatura_granbazan_estado_vinedo-2020-1.jpg","datePublished":"2020-02-21T11:07:29+00:00","breadcrumb":{"@id":"https:\/\/www.bodegasgranbazan.com\/pronto-terminara-la-epoca-de-poda-en-bodegas-granbazan-y-hemos-analizado-el-estado-del-vinedo\/#breadcrumb"},"inLanguage":"es","potentialAction":[{"@type":"ReadAction","target":["https:\/\/www.bodegasgranbazan.com\/pronto-terminara-la-epoca-de-poda-en-bodegas-granbazan-y-hemos-analizado-el-estado-del-vinedo\/"]}]},{"@type":"ImageObject","inLanguage":"es","@id":"https:\/\/www.bodegasgranbazan.com\/pronto-terminara-la-epoca-de-poda-en-bodegas-granbazan-y-hemos-analizado-el-estado-del-vinedo\/#primaryimage","url":"https:\/\/www.bodegasgranbazan.com\/web26\/wp-content\/uploads\/2020\/02\/miniatura_granbazan_estado_vinedo-2020-1.jpg","contentUrl":"https:\/\/www.bodegasgranbazan.com\/web26\/wp-content\/uploads\/2020\/02\/miniatura_granbazan_estado_vinedo-2020-1.jpg","width":1600,"height":1600,"caption":"Estado del vi\u00f1edo en Bodegas Granbaz\u00e1n"},{"@type":"BreadcrumbList","@id":"https:\/\/www.bodegasgranbazan.com\/pronto-terminara-la-epoca-de-poda-en-bodegas-granbazan-y-hemos-analizado-el-estado-del-vinedo\/#breadcrumb","itemListElement":[{"@type":"ListItem","position":1,"name":"Portada","item":"https:\/\/www.bodegasgranbazan.com\/"},{"@type":"ListItem","position":2,"name":"Pronto terminar\u00e1 la \u00e9poca de poda en Bodegas GRANBAZ\u00c1N \u00a1y hemos analizado el estado del vi\u00f1edo!"}]},{"@type":"WebSite","@id":"https:\/\/www.bodegasgranbazan.com\/#website","url":"https:\/\/www.bodegasgranbazan.com\/","name":"Bodegas Granbaz\u00e1n","description":"Ubicada en el Valle del Saln\u00e9s, en el coraz\u00f3n de las R\u00edas Baixas.","publisher":{"@id":"https:\/\/www.bodegasgranbazan.com\/#organization"},"potentialAction":[{"@type":"SearchAction","target":{"@type":"EntryPoint","urlTemplate":"https:\/\/www.bodegasgranbazan.com\/?s={search_term_string}"},"query-input":{"@type":"PropertyValueSpecification","valueRequired":true,"valueName":"search_term_string"}}],"inLanguage":"es"},{"@type":"Organization","@id":"https:\/\/www.bodegasgranbazan.com\/#organization","name":"Bodegas Granbaz\u00e1n","url":"https:\/\/www.bodegasgranbazan.com\/","logo":{"@type":"ImageObject","inLanguage":"es","@id":"https:\/\/www.bodegasgranbazan.com\/#\/schema\/logo\/image\/","url":"https:\/\/www.bodegasgranbazan.com\/web26\/wp-content\/uploads\/2026\/01\/granbazan-logo-def.webp","contentUrl":"https:\/\/www.bodegasgranbazan.com\/web26\/wp-content\/uploads\/2026\/01\/granbazan-logo-def.webp","width":500,"height":264,"caption":"Bodegas Granbaz\u00e1n"},"image":{"@id":"https:\/\/www.bodegasgranbazan.com\/#\/schema\/logo\/image\/"}},{"@type":"Person","@id":"https:\/\/www.bodegasgranbazan.com\/#\/schema\/person\/97933cc939af6c2ab105f04fa04baf82","name":"mdecomunicacion","image":{"@type":"ImageObject","inLanguage":"es","@id":"https:\/\/secure.gravatar.com\/avatar\/66949bf9de56bfbec1700a5ea49e164097d3fe494d34a17f01cb80ec9566a0ea?s=96&d=mm&r=g","url":"https:\/\/secure.gravatar.com\/avatar\/66949bf9de56bfbec1700a5ea49e164097d3fe494d34a17f01cb80ec9566a0ea?s=96&d=mm&r=g","contentUrl":"https:\/\/secure.gravatar.com\/avatar\/66949bf9de56bfbec1700a5ea49e164097d3fe494d34a17f01cb80ec9566a0ea?s=96&d=mm&r=g","caption":"mdecomunicacion"},"url":"https:\/\/www.bodegasgranbazan.com\/author\/4abb42feb80256ea\/"}]}},"_links":{"self":[{"href":"https:\/\/www.bodegasgranbazan.com\/wp-json\/wp\/v2\/posts\/8770","targetHints":{"allow":["GET"]}}],"collection":[{"href":"https:\/\/www.bodegasgranbazan.com\/wp-json\/wp\/v2\/posts"}],"about":[{"href":"https:\/\/www.bodegasgranbazan.com\/wp-json\/wp\/v2\/types\/post"}],"author":[{"embeddable":true,"href":"https:\/\/www.bodegasgranbazan.com\/wp-json\/wp\/v2\/users\/2"}],"replies":[{"embeddable":true,"href":"https:\/\/www.bodegasgranbazan.com\/wp-json\/wp\/v2\/comments?post=8770"}],"version-history":[{"count":0,"href":"https:\/\/www.bodegasgranbazan.com\/wp-json\/wp\/v2\/posts\/8770\/revisions"}],"wp:featuredmedia":[{"embeddable":true,"href":"https:\/\/www.bodegasgranbazan.com\/wp-json\/wp\/v2\/media\/8774"}],"wp:attachment":[{"href":"https:\/\/www.bodegasgranbazan.com\/wp-json\/wp\/v2\/media?parent=8770"}],"wp:term":[{"taxonomy":"category","embeddable":true,"href":"https:\/\/www.bodegasgranbazan.com\/wp-json\/wp\/v2\/categories?post=8770"},{"taxonomy":"post_tag","embeddable":true,"href":"https:\/\/www.bodegasgranbazan.com\/wp-json\/wp\/v2\/tags?post=8770"}],"curies":[{"name":"wp","href":"https:\/\/api.w.org\/{rel}","templated":true}]}}